{"id":3527,"__str__":"Requerimento n\u00ba 287 de 2025","link_detail_backend":"/materia/3527","metadata":{"signs":{"texto_original":{"admin":[],"autores":[["Agnielde Benici Adorno",["2025-05-20T09:17:09-04:00","ICP-Brasil - Certificado PF A1"]],["Eber Lopes Reis",["2025-05-20T09:04:28-04:00","ICP-Brasil - Certificado PF A1"]],["Elias Andrade de Lima",["2025-05-20T08:44:28-04:00","ICP-Brasil - Certificado PF A1"]],["Hermes Bordignon",["2025-05-20T08:45:47-04:00","ICP-Brasil - Certificado PF A1"]],["Jorge Antonio Honorato de Souza",["2025-05-20T08:47:22-04:00","ICP-Brasil - Certificado PF A1"]],["Marcio Domingos dos Santos",["2025-05-20T08:50:09-04:00","ICP-Brasil - Certificado PF A1"]],["Marcio Souza Magalhaes",["2025-05-20T08:21:50-04:00","ICP-Brasil - Certificado PF A1"]]]}}},"numero":287,"ano":2025,"numero_protocolo":289,"data_apresentacao":"2025-05-15","tipo_apresentacao":"E","data_publicacao":null,"numero_origem_externa":"","ano_origem_externa":null,"data_origem_externa":null,"apelido":"","dias_prazo":null,"data_fim_prazo":null,"em_tramitacao":false,"polemica":false,"objeto":"","complementar":false,"ementa":"Requerimento de realinhamento e readequa\u00e7\u00e3o salarial dos servidores do Magist\u00e9rio P\u00fablico Municipal.","indexacao":"","observacao":"","resultado":"","texto_original":"http://sapl.saofranciscodoguapore.ro.leg.br/media/sapl/public/materialegislativa/2025/3527/requerimento_no.287-2025-profmarcio_assinado.pdf","data_ultima_atualizacao":"2025-05-20T11:54:27.708903-03:00","ip":"131.161.209.8","ultima_edicao":"2025-05-20T11:54:26.902270-03:00","tipo":14,"regime_tramitacao":3,"tipo_origem_externa":null,"local_origem_externa":null,"user":3,"anexadas":[],"autores":[73]}