{"id":3522,"__str__":"Indica\u00e7\u00e3o n\u00ba 5 de 2025","link_detail_backend":"/materia/3522","metadata":{"signs":{"texto_original":{"admin":[],"autores":[["Agnielde Benici Adorno",["2025-05-20T08:15:51-04:00","ICP-Brasil - Certificado PF A1"]],["Eber Lopes Reis",["2025-05-20T08:33:49-04:00","ICP-Brasil - Certificado PF A1"]],["Elias Andrade de Lima",["2025-05-20T08:30:34-04:00","ICP-Brasil - Certificado PF A1"]],["Hermes Bordignon",["2025-05-20T08:31:07-04:00","ICP-Brasil - Certificado PF A1"]],["Jorge Antonio Honorato de Souza",["2025-05-20T08:32:33-04:00","ICP-Brasil - Certificado PF A1"]],["Marcio Domingos dos Santos",["2025-05-20T08:33:11-04:00","ICP-Brasil - Certificado PF A1"]],["Marcio Souza Magalhaes",["2025-05-20T08:34:30-04:00","ICP-Brasil - Certificado PF A1"]]]}}},"numero":5,"ano":2025,"numero_protocolo":284,"data_apresentacao":"2025-05-15","tipo_apresentacao":"E","data_publicacao":null,"numero_origem_externa":"","ano_origem_externa":null,"data_origem_externa":null,"apelido":"","dias_prazo":null,"data_fim_prazo":null,"em_tramitacao":false,"polemica":false,"objeto":"","complementar":false,"ementa":"Indica ao Senhor Prefeito Municipal a realiza\u00e7\u00e3o de cursos de capacita\u00e7\u00e3o para professores, cuidadores e amigos volunt\u00e1rios, voltados ao atendimento de crian\u00e7as com necessidades especiais no \u00e2mbito escolar.","indexacao":"Senhor Prefeito, A presente indica\u00e7\u00e3o se faz necess\u00e1ria diante da crescente demanda de crian\u00e7as em nosso munic\u00edpio que necessitam de aten\u00e7\u00e3o especializada, a iniciativa visa preparar adequadamente os profissionais de educa\u00e7\u00e3o e volunt\u00e1rios que atuam direta ou indiretamente com esse p\u00fablico, promovendo inclus\u00e3o, respeito \u00e0s diferen\u00e7as e qualidade no atendimento. A capacita\u00e7\u00e3o contribuir\u00e1 significativamente para a promo\u00e7\u00e3o e qualidade de vida para nossas crian\u00e7as, da empatia e do cuidado humanizado, al\u00e9m de fortalecer as redes de apoio existentes em nossas escolas, no qual os pais poder\u00e3o se sentir mais tranquilos e confiantes ao deixar seus filhos no ambiente escolar.\"","observacao":"Senhor Prefeito, A presente indica\u00e7\u00e3o se faz necess\u00e1ria diante da crescente demanda de crian\u00e7as em nosso munic\u00edpio que necessitam de aten\u00e7\u00e3o especializada, a iniciativa visa preparar adequadamente os profissionais de educa\u00e7\u00e3o e volunt\u00e1rios que atuam direta ou indiretamente com esse p\u00fablico, promovendo inclus\u00e3o, respeito \u00e0s diferen\u00e7as e qualidade no atendimento. A capacita\u00e7\u00e3o contribuir\u00e1 significativamente para a promo\u00e7\u00e3o e qualidade de vida para nossas crian\u00e7as, da empatia e do cuidado humanizado, al\u00e9m de fortalecer as redes de apoio existentes em nossas escolas, no qual os pais poder\u00e3o se sentir mais tranquilos e confiantes ao deixar seus filhos no ambiente escolar.","resultado":"","texto_original":"http://sapl.saofranciscodoguapore.ro.leg.br/media/sapl/public/materialegislativa/2025/3522/indicacao_no.05-2025-agnielde_assinado.pdf","data_ultima_atualizacao":"2025-05-20T11:41:17.727851-03:00","ip":"131.161.209.8","ultima_edicao":"2025-05-20T11:41:16.891745-03:00","tipo":5,"regime_tramitacao":3,"tipo_origem_externa":null,"local_origem_externa":null,"user":3,"anexadas":[],"autores":[70]}