{"id":3516,"__str__":"Requerimento n\u00ba 282 de 2025","link_detail_backend":"/materia/3516","metadata":{"signs":{"texto_original":{"admin":[],"autores":[["Agnielde Benici Adorno",["2025-05-20T09:19:24-04:00","ICP-Brasil - Certificado PF A1"]],["Eber Lopes Reis",["2025-05-20T09:23:45-04:00","ICP-Brasil - Certificado PF A1"]],["Elias Andrade de Lima",["2025-05-20T09:20:52-04:00","ICP-Brasil - Certificado PF A1"]],["Hermes Bordignon",["2025-05-20T09:21:39-04:00","ICP-Brasil - Certificado PF A1"]],["Jorge Antonio Honorato de Souza",["2025-05-20T08:18:15-04:00","ICP-Brasil - Certificado PF A1"]],["Marcio Domingos dos Santos",["2025-05-20T09:22:43-04:00","ICP-Brasil - Certificado PF A1"]],["Marcio Souza Magalhaes",["2025-05-20T09:25:06-04:00","ICP-Brasil - Certificado PF A1"]]]}}},"numero":282,"ano":2025,"numero_protocolo":279,"data_apresentacao":"2025-05-12","tipo_apresentacao":"E","data_publicacao":null,"numero_origem_externa":"","ano_origem_externa":null,"data_origem_externa":null,"apelido":"","dias_prazo":null,"data_fim_prazo":null,"em_tramitacao":false,"polemica":false,"objeto":"","complementar":false,"ementa":"Solicita\u00e7\u00e3o de conv\u00eanio terceirizado para realiza\u00e7\u00e3o de exames de vitaminas.","indexacao":"","observacao":"O equil\u00edbrio das vitaminas no organismo \u00e9 fundamental para o fortalecimento do sistema imunol\u00f3gico, preven\u00e7\u00e3o de doen\u00e7as e promo\u00e7\u00e3o da sa\u00fade integral da popula\u00e7\u00e3o. A aus\u00eancia de exames regulares que avaliem os n\u00edveis de vitaminas como A, B, C, D, E, entre outras, dificulta o diagn\u00f3stico precoce de defici\u00eancias nutricionais que podem levar ao agravamento de quadros cl\u00ednicos, hospitaliza\u00e7\u00f5es e at\u00e9 mesmo \u00e0 incapacita\u00e7\u00e3o funcional de cidad\u00e3os.","resultado":"","texto_original":"http://sapl.saofranciscodoguapore.ro.leg.br/media/sapl/public/materialegislativa/2025/3516/requerimento_no.282-2025-jorge_assinado.pdf","data_ultima_atualizacao":"2025-05-20T11:42:27.813866-03:00","ip":"131.161.209.8","ultima_edicao":"2025-05-20T11:42:26.999801-03:00","tipo":14,"regime_tramitacao":3,"tipo_origem_externa":null,"local_origem_externa":null,"user":3,"anexadas":[],"autores":[74]}