{"id":3496,"__str__":"Requerimento n\u00ba 265 de 2025","link_detail_backend":"/materia/3496","metadata":{"signs":{"texto_original":{"admin":[],"autores":[["Agnielde Benici Adorno",["2025-05-07T08:25:38-04:00","ICP-Brasil - Certificado PF A1"]],["Alessandra Varelo de Brito",["2025-05-07T08:24:41-04:00","ICP-Brasil - Certificado PF A1"]],["Braz Carlos Correia",["2025-05-06T13:14:54-04:00","ICP-Brasil - Certificado PF A1"]],["Elias Andrade de Lima",["2025-05-07T08:26:41-04:00","ICP-Brasil - Certificado PF A1"]],["Hermes Bordignon",["2025-05-07T08:28:21-04:00","ICP-Brasil - Certificado PF A1"]],["Jorge Antonio Honorato de Souza",["2025-05-07T08:29:37-04:00","ICP-Brasil - Certificado PF A1"]],["Marcio Domingos dos Santos",["2025-05-07T08:31:33-04:00","ICP-Brasil - Certificado PF A1"]],["Marcio Souza Magalhaes",["2025-05-07T08:35:09-04:00","ICP-Brasil - Certificado PF A1"]],["Ozias Alves dos Santos",["2025-05-07T08:33:04-04:00","ICP-Brasil - Certificado PF A1"]]]}}},"numero":265,"ano":2025,"numero_protocolo":260,"data_apresentacao":"2025-04-30","tipo_apresentacao":"E","data_publicacao":null,"numero_origem_externa":"","ano_origem_externa":null,"data_origem_externa":null,"apelido":"","dias_prazo":null,"data_fim_prazo":null,"em_tramitacao":false,"polemica":false,"objeto":"","complementar":false,"ementa":"Solicita\u00e7\u00e3o de instala\u00e7\u00e3o de redes de prote\u00e7\u00e3o nos gols localizados no fundo da quadra poliesportiva da comunidade S\u00e3o Pedro.","indexacao":"","observacao":"","resultado":"","texto_original":"http://sapl.saofranciscodoguapore.ro.leg.br/media/sapl/public/materialegislativa/2025/3496/requerimento_no.265-2025-ozias_assinado.pdf","data_ultima_atualizacao":"2025-05-07T10:16:31.243221-03:00","ip":"131.161.209.8","ultima_edicao":"2025-05-07T10:16:30.260705-03:00","tipo":14,"regime_tramitacao":3,"tipo_origem_externa":null,"local_origem_externa":null,"user":3,"anexadas":[],"autores":[60]}