{"id":3494,"__str__":"Requerimento n\u00ba 264 de 2025","link_detail_backend":"/materia/3494","metadata":{"signs":{"texto_original":{"admin":[],"autores":[["Agnielde Benici Adorno",["2025-05-07T08:11:17-04:00","ICP-Brasil - Certificado PF A1"]],["Alessandra Varelo de Brito",["2025-05-07T08:09:08-04:00","ICP-Brasil - Certificado PF A1"]],["Elias Andrade de Lima",["2025-05-07T08:13:29-04:00","ICP-Brasil - Certificado PF A1"]],["Hermes Bordignon",["2025-05-07T08:13:59-04:00","ICP-Brasil - Certificado PF A1"]],["Jorge Antonio Honorato de Souza",["2025-05-07T08:14:36-04:00","ICP-Brasil - Certificado PF A1"]],["Marcio Domingos dos Santos",["2025-05-07T08:08:12-04:00","ICP-Brasil - Certificado PF A1"]],["Marcio Souza Magalhaes",["2025-05-07T08:15:48-04:00","ICP-Brasil - Certificado PF A1"]],["Ozias Alves dos Santos",["2025-05-07T08:15:11-04:00","ICP-Brasil - Certificado PF A1"]]]}}},"numero":264,"ano":2025,"numero_protocolo":258,"data_apresentacao":"2025-04-30","tipo_apresentacao":"E","data_publicacao":null,"numero_origem_externa":"","ano_origem_externa":null,"data_origem_externa":null,"apelido":"","dias_prazo":null,"data_fim_prazo":null,"em_tramitacao":false,"polemica":false,"objeto":"","complementar":false,"ementa":"Requer: Solicita\u00e7\u00e3o de contrata\u00e7\u00e3o de servi\u00e7os de sa\u00fade n\u00e3o dispon\u00edveis na rede p\u00fablica municipal.","indexacao":"","observacao":"requerer, com urg\u00eancia, a contrata\u00e7\u00e3o e disponibiliza\u00e7\u00e3o de servi\u00e7os de sa\u00fade essenciais que atualmente n\u00e3o est\u00e3o dispon\u00edveis na rede p\u00fablica municipal de S\u00e3o Francisco do Guapor\u00e9 \u2013 RO, comprometendo o acesso da popula\u00e7\u00e3o a exames e atendimentos m\u00e9dicos especializados.\r\nA presente solicita\u00e7\u00e3o inclui a contrata\u00e7\u00e3o dos seguintes servi\u00e7os e especialidades:\r\n\u2022\tExames de imagem e diagn\u00f3sticos:\r\no\tUltrassonografia\r\no\tRadiografia com laudo, quando necess\u00e1rio\r\no\tEletrocardiograma\r\no\tHolter card\u00edaco\r\n\u2022\tProfissionais especializados:\r\no\tPediatra\r\no\tNeurologista\r\no\tTerapeuta Ocupacional\r\no\tEndocrinologista\r\no\tFonoaudi\u00f3logo\r\no\tNefrologista\r\nTais servi\u00e7os s\u00e3o indispens\u00e1veis para a promo\u00e7\u00e3o da sa\u00fade e para o diagn\u00f3stico precoce de diversas enfermidades, contribuindo diretamente para a melhoria da qualidade de vida da popula\u00e7\u00e3o. Al\u00e9m disso, a aus\u00eancia desses atendimentos tem for\u00e7ado muitos mun\u00edcipes a buscar atendimento em outras cidades, gerando custos e transtornos desnecess\u00e1rios.\r\nSolicito, portanto, que sejam tomadas as devidas provid\u00eancias para a contrata\u00e7\u00e3o ou conv\u00eanio com profissionais e cl\u00ednicas especializadas, garantindo \u00e0 popula\u00e7\u00e3o o direito ao acesso amplo e eficiente \u00e0 sa\u00fade p\u00fablica.\r\nCerto de contar com vossa aten\u00e7\u00e3o e compromisso com o bem-estar da comunidade, reitero votos de estima e considera\u00e7\u00e3o.","resultado":"","texto_original":"http://sapl.saofranciscodoguapore.ro.leg.br/media/sapl/public/materialegislativa/2025/3494/requerimento_no.264-2025-marcio_assinado.pdf","data_ultima_atualizacao":"2025-05-07T10:15:42.232521-03:00","ip":"131.161.209.8","ultima_edicao":"2025-05-07T10:15:41.243046-03:00","tipo":14,"regime_tramitacao":4,"tipo_origem_externa":null,"local_origem_externa":null,"user":3,"anexadas":[],"autores":[71]}