{"id":3493,"__str__":"Requerimento n\u00ba 263 de 2025","link_detail_backend":"/materia/3493","metadata":{"signs":{"texto_original":{"admin":[],"autores":[["Agnielde Benici Adorno",["2025-05-07T08:26:01-04:00","ICP-Brasil - Certificado PF A1"]],["Alessandra Varelo de Brito",["2025-05-07T08:24:59-04:00","ICP-Brasil - Certificado PF A1"]],["Elias Andrade de Lima",["2025-05-07T08:27:10-04:00","ICP-Brasil - Certificado PF A1"]],["Hermes Bordignon",["2025-05-07T08:28:56-04:00","ICP-Brasil - Certificado PF A1"]],["Jorge Antonio Honorato de Souza",["2025-05-07T08:30:17-04:00","ICP-Brasil - Certificado PF A1"]],["Marcio Domingos dos Santos",["2025-05-07T08:32:18-04:00","ICP-Brasil - Certificado PF A1"]],["Marcio Souza Magalhaes",["2025-05-06T13:12:44-04:00","ICP-Brasil - Certificado PF A1"]],["Ozias Alves dos Santos",["2025-05-07T08:33:54-04:00","ICP-Brasil - Certificado PF A1"]]]}}},"numero":263,"ano":2025,"numero_protocolo":257,"data_apresentacao":"2025-04-30","tipo_apresentacao":"E","data_publicacao":null,"numero_origem_externa":"","ano_origem_externa":null,"data_origem_externa":null,"apelido":"","dias_prazo":null,"data_fim_prazo":null,"em_tramitacao":false,"polemica":false,"objeto":"","complementar":false,"ementa":"Requer com a m\u00e1xima urg\u00eancia, a disponibiliza\u00e7\u00e3o de uma ambul\u00e2ncia para a Unidade B\u00e1sica de Sa\u00fade Osmar Silva da Costa, localizada na BR-429, km 75.","indexacao":"","observacao":"","resultado":"","texto_original":"http://sapl.saofranciscodoguapore.ro.leg.br/media/sapl/public/materialegislativa/2025/3493/requerimento_no.263-2025-profmarcio_assinado.pdf","data_ultima_atualizacao":"2025-05-07T10:15:26.627211-03:00","ip":"131.161.209.8","ultima_edicao":"2025-05-07T10:15:25.677123-03:00","tipo":14,"regime_tramitacao":3,"tipo_origem_externa":null,"local_origem_externa":null,"user":3,"anexadas":[],"autores":[73]}