{"id":3485,"__str__":"Requerimento n\u00ba 260 de 2025","link_detail_backend":"/materia/3485","metadata":{"signs":{"texto_original":{"admin":[],"autores":[["Agnielde Benici Adorno",["2025-05-07T08:11:10-04:00","ICP-Brasil - Certificado PF A1"]],["Alessandra Varelo de Brito",["2025-05-07T08:09:03-04:00","ICP-Brasil - Certificado PF A1"]],["Elias Andrade de Lima",["2025-05-07T08:16:56-04:00","ICP-Brasil - Certificado PF A1"]],["Hermes Bordignon",["2025-05-07T08:19:40-04:00","ICP-Brasil - Certificado PF A1"]],["Jorge Antonio Honorato de Souza",["2025-05-07T08:20:28-04:00","ICP-Brasil - Certificado PF A1"]],["Marcio Domingos dos Santos",["2025-05-06T13:20:57-04:00","ICP-Brasil - Certificado PF A1"]],["Marcio Souza Magalhaes",["2025-05-07T08:22:09-04:00","ICP-Brasil - Certificado PF A1"]],["Ozias Alves dos Santos",["2025-05-07T08:21:15-04:00","ICP-Brasil - Certificado PF A1"]]]}}},"numero":260,"ano":2025,"numero_protocolo":250,"data_apresentacao":"2025-04-30","tipo_apresentacao":"E","data_publicacao":null,"numero_origem_externa":"","ano_origem_externa":null,"data_origem_externa":null,"apelido":"","dias_prazo":null,"data_fim_prazo":null,"em_tramitacao":false,"polemica":false,"objeto":"","complementar":false,"ementa":"Requer: Solicita\u00e7\u00e3o de Reforma do Portal de Entrada da Cidade.","indexacao":"","observacao":"por meio deste, solicitar a Vossa Excel\u00eancia a realiza\u00e7\u00e3o de reforma no portal de entrada do munic\u00edpio de S\u00e3o Francisco do Guapor\u00e9 \u2013 RO. Tal medida se faz necess\u00e1ria devido ao vis\u00edvel desgaste da estrutura, comprometendo n\u00e3o apenas a est\u00e9tica da cidade, como tamb\u00e9m a seguran\u00e7a e a valoriza\u00e7\u00e3o do nosso patrim\u00f4nio urbano.\r\nCerto de sua aten\u00e7\u00e3o e compromisso com o bem-estar e a imagem do munic\u00edpio, conto com a considera\u00e7\u00e3o e provid\u00eancias necess\u00e1rias.","resultado":"","texto_original":"http://sapl.saofranciscodoguapore.ro.leg.br/media/sapl/public/materialegislativa/2025/3485/requerimento_no.260-2025-marcio_assinado.pdf","data_ultima_atualizacao":"2025-05-07T10:14:22.873983-03:00","ip":"131.161.209.8","ultima_edicao":"2025-05-07T10:14:21.842276-03:00","tipo":14,"regime_tramitacao":3,"tipo_origem_externa":null,"local_origem_externa":null,"user":3,"anexadas":[],"autores":[71]}