{"id":3484,"__str__":"Requerimento n\u00ba 259 de 2025","link_detail_backend":"/materia/3484","metadata":{"signs":{"texto_original":{"admin":[],"autores":[["Agnielde Benici Adorno",["2025-05-07T08:11:03-04:00","ICP-Brasil - Certificado PF A1"]],["Alessandra Varelo de Brito",["2025-05-07T08:08:58-04:00","ICP-Brasil - Certificado PF A1"]],["Elias Andrade de Lima",["2025-05-07T08:16:47-04:00","ICP-Brasil - Certificado PF A1"]],["Hermes Bordignon",["2025-05-07T08:19:30-04:00","ICP-Brasil - Certificado PF A1"]],["Jorge Antonio Honorato de Souza",["2025-05-07T08:20:15-04:00","ICP-Brasil - Certificado PF A1"]],["Marcio Domingos dos Santos",["2025-05-06T13:20:38-04:00","ICP-Brasil - Certificado PF A1"]],["Marcio Souza Magalhaes",["2025-05-07T08:21:53-04:00","ICP-Brasil - Certificado PF A1"]],["Ozias Alves dos Santos",["2025-05-07T08:21:01-04:00","ICP-Brasil - Certificado PF A1"]]]}}},"numero":259,"ano":2025,"numero_protocolo":249,"data_apresentacao":"2025-04-29","tipo_apresentacao":"E","data_publicacao":null,"numero_origem_externa":"","ano_origem_externa":null,"data_origem_externa":null,"apelido":"","dias_prazo":null,"data_fim_prazo":null,"em_tramitacao":false,"polemica":false,"objeto":"","complementar":false,"ementa":"Requer: Solicita\u00e7\u00e3o de instala\u00e7\u00e3o de rede el\u00e9trica de baixa tens\u00e3o no Distrito do Porto Murtinho.","indexacao":"","observacao":"por meio deste, solicitar a instala\u00e7\u00e3o de rede el\u00e9trica de baixa tens\u00e3o no Distrito do Porto Murtinho, pertencente a este munic\u00edpio.\r\nA solicita\u00e7\u00e3o se faz necess\u00e1ria em raz\u00e3o da car\u00eancia de infraestrutura el\u00e9trica adequada na referida localidade, o que tem dificultado o desenvolvimento das atividades b\u00e1sicas dos moradores e comprometido a qualidade de vida da comunidade.\r\nContando com a aten\u00e7\u00e3o de Vossa Senhoria, desde j\u00e1 agrade\u00e7o e coloco-me \u00e0 disposi\u00e7\u00e3o para quaisquer esclarecimentos.","resultado":"","texto_original":"http://sapl.saofranciscodoguapore.ro.leg.br/media/sapl/public/materialegislativa/2025/3484/requerimento_no.259-2025-marcio_assinado.pdf","data_ultima_atualizacao":"2025-05-07T10:13:53.911152-03:00","ip":"131.161.209.8","ultima_edicao":"2025-05-07T10:13:52.951313-03:00","tipo":14,"regime_tramitacao":3,"tipo_origem_externa":null,"local_origem_externa":null,"user":3,"anexadas":[],"autores":[71]}