{"id":3483,"__str__":"Requerimento n\u00ba 258 de 2025","link_detail_backend":"/materia/3483","metadata":{"signs":{"texto_original":{"admin":[],"autores":[["Agnielde Benici Adorno",["2025-05-07T07:59:17-04:00","ICP-Brasil - Certificado PF A1"]],["Alessandra Varelo de Brito",["2025-05-07T07:57:54-04:00","ICP-Brasil - Certificado PF A1"]],["Elias Andrade de Lima",["2025-05-07T08:00:32-04:00","ICP-Brasil - Certificado PF A1"]],["Hermes Bordignon",["2025-05-07T08:01:38-04:00","ICP-Brasil - Certificado PF A1"]],["Jorge Antonio Honorato de Souza",["2025-05-06T13:16:18-04:00","ICP-Brasil - Certificado PF A1"]],["Marcio Domingos dos Santos",["2025-05-07T08:03:40-04:00","ICP-Brasil - Certificado PF A1"]],["Marcio Souza Magalhaes",["2025-05-07T08:06:05-04:00","ICP-Brasil - Certificado PF A1"]],["Ozias Alves dos Santos",["2025-05-07T08:04:49-04:00","ICP-Brasil - Certificado PF A1"]]]}}},"numero":258,"ano":2025,"numero_protocolo":248,"data_apresentacao":"2025-04-29","tipo_apresentacao":"E","data_publicacao":null,"numero_origem_externa":"","ano_origem_externa":null,"data_origem_externa":null,"apelido":"","dias_prazo":null,"data_fim_prazo":null,"em_tramitacao":false,"polemica":false,"objeto":"","complementar":false,"ementa":"Requerimento para manuten\u00e7\u00e3o e atualiza\u00e7\u00e3o do sistema de seguran\u00e7a \r\nda Escola Regina Almeida de Araujo.","indexacao":"","observacao":"Relatos de pais, alunos e membros da comunidade escolar denunciam atos de \r\nvandalismo, como o furo proposital de pneus de bicicletas estacionadas na Escola \r\nRegina Almeida de Araujo. Al\u00e9m disso, h\u00e1 ind\u00edcios de que o sistema de c\u00e2meras de \r\nseguran\u00e7a encontra-se desatualizado ou com defeitos, o que agrava a sensa\u00e7\u00e3o de \r\ninseguran\u00e7a e dificulta a identifica\u00e7\u00e3o dos respons\u00e1veis.","resultado":"","texto_original":"http://sapl.saofranciscodoguapore.ro.leg.br/media/sapl/public/materialegislativa/2025/3483/requerimento_no.258-2025-jorge_assinado.pdf","data_ultima_atualizacao":"2025-05-07T10:13:09.923305-03:00","ip":"131.161.209.8","ultima_edicao":"2025-05-07T10:13:08.655725-03:00","tipo":14,"regime_tramitacao":3,"tipo_origem_externa":null,"local_origem_externa":null,"user":3,"anexadas":[],"autores":[74]}