{"id":3481,"__str__":"Requerimento n\u00ba 256 de 2025","link_detail_backend":"/materia/3481","metadata":{"signs":{"texto_original":{"admin":[],"autores":[["Agnielde Benici Adorno",["2025-05-07T07:59:24-04:00","ICP-Brasil - Certificado PF A1"]],["Alessandra Varelo de Brito",["2025-05-07T07:57:59-04:00","ICP-Brasil - Certificado PF A1"]],["Elias Andrade de Lima",["2025-05-07T08:00:42-04:00","ICP-Brasil - Certificado PF A1"]],["Hermes Bordignon",["2025-05-07T08:01:51-04:00","ICP-Brasil - Certificado PF A1"]],["Jorge Antonio Honorato de Souza",["2025-05-06T13:17:40-04:00","ICP-Brasil - Certificado PF A1"]],["Marcio Domingos dos Santos",["2025-05-07T08:03:52-04:00","ICP-Brasil - Certificado PF A1"]],["Marcio Souza Magalhaes",["2025-05-07T08:06:22-04:00","ICP-Brasil - Certificado PF A1"]],["Ozias Alves dos Santos",["2025-05-07T08:05:03-04:00","ICP-Brasil - Certificado PF A1"]]]}}},"numero":256,"ano":2025,"numero_protocolo":246,"data_apresentacao":"2025-04-29","tipo_apresentacao":"E","data_publicacao":null,"numero_origem_externa":"","ano_origem_externa":null,"data_origem_externa":null,"apelido":"","dias_prazo":null,"data_fim_prazo":null,"em_tramitacao":false,"polemica":false,"objeto":"","complementar":false,"ementa":"Requerimento para implanta\u00e7\u00e3o de programa cont\u00ednuo de tapa-buracos, garantindo a manuten\u00e7\u00e3o das ruas e avenidas do munic\u00edpio.","indexacao":"","observacao":"A malha vi\u00e1ria do munic\u00edpio encontra-se com diversos buracos e desgastes causados pelas chuvas intensas e pelo tr\u00e1fego constante de ve\u00edculos. A falta de manuten\u00e7\u00e3o adequada compromete a mobilidade urbana, aumenta o risco de acidentes e prejudica a qualidade de vida da popula\u00e7\u00e3o. Algumas ruas est\u00e3o sendo reparadas com cimento, solu\u00e7\u00e3o emergencial, mas n\u00e3o eficiente a longo prazo.","resultado":"","texto_original":"http://sapl.saofranciscodoguapore.ro.leg.br/media/sapl/public/materialegislativa/2025/3481/requerimento_no.256-2025-jorge_assinado.pdf","data_ultima_atualizacao":"2025-05-07T10:12:45.850969-03:00","ip":"131.161.209.8","ultima_edicao":"2025-05-07T10:12:44.865642-03:00","tipo":14,"regime_tramitacao":3,"tipo_origem_externa":null,"local_origem_externa":null,"user":3,"anexadas":[],"autores":[74]}