{"id":3451,"__str__":"Anteprojeto de Lei n\u00ba 4 de 2025","link_detail_backend":"/materia/3451","metadata":{"signs":{"texto_original":{"admin":[],"autores":[["Agnielde Benici Adorno",["2025-05-06T12:22:01-04:00","ICP-Brasil - Certificado PF A1"]],["Alessandra Varelo de Brito",["2025-05-06T12:21:22-04:00","ICP-Brasil - Certificado PF A1"]],["Elias Andrade de Lima",["2025-05-06T12:22:45-04:00","ICP-Brasil - Certificado PF A1"]],["Hermes Bordignon",["2025-05-06T12:23:39-04:00","ICP-Brasil - Certificado PF A1"]],["Jorge Antonio Honorato de Souza",["2025-05-06T12:24:34-04:00","ICP-Brasil - Certificado PF A1"]],["Marcio Domingos dos Santos",["2025-05-06T12:25:42-04:00","ICP-Brasil - Certificado PF A1"]],["Marcio Souza Magalhaes",["2025-05-06T12:27:56-04:00","ICP-Brasil - Certificado PF A1"]],["Ozias Alves dos Santos",["2025-05-06T12:19:13-04:00","ICP-Brasil - Certificado PF A1"]]]}}},"numero":4,"ano":2025,"numero_protocolo":219,"data_apresentacao":"2025-04-17","tipo_apresentacao":"E","data_publicacao":null,"numero_origem_externa":"","ano_origem_externa":null,"data_origem_externa":null,"apelido":"","dias_prazo":null,"data_fim_prazo":null,"em_tramitacao":false,"polemica":false,"objeto":"","complementar":false,"ementa":"\"Institui Dia da Gratid\u00e3o Festa de Encerramento da Colheita do Caf\u00e9, com almo\u00e7o comunit\u00e1rio para Cafeicultores e Trabalhadores Rural, no calend\u00e1rio oficial do Munic\u00edpio de S\u00e3o Francisco do Guapor\u00e9-RO.\u201d","indexacao":"","observacao":"","resultado":"","texto_original":"http://sapl.saofranciscodoguapore.ro.leg.br/media/sapl/public/materialegislativa/2025/3451/apl_no.04-2025_assinado.pdf","data_ultima_atualizacao":"2025-05-06T13:53:36.207681-03:00","ip":"131.161.209.8","ultima_edicao":"2025-05-06T13:49:15.145136-03:00","tipo":12,"regime_tramitacao":3,"tipo_origem_externa":null,"local_origem_externa":null,"user":3,"anexadas":[],"autores":[60]}