{"id":3438,"__str__":"Requerimento n\u00ba 228 de 2025","link_detail_backend":"/materia/3438","metadata":{"signs":{"texto_original":{"admin":[],"autores":[["Agnielde Benici Adorno",["2025-04-14T10:21:21-04:00","ICP-Brasil - Certificado PF A1"]],["Alessandra Varelo de Brito",["2025-04-14T13:05:02-04:00","ICP-Brasil - Certificado PF A1"]],["Braz Carlos Correia",["2025-04-15T07:59:27-04:00","ICP-Brasil - Certificado PF A1"]],["Eber Lopes Reis",["2025-04-15T08:13:21-04:00","ICP-Brasil - Certificado PF A1"]],["Elias Andrade de Lima",["2025-04-15T08:03:16-04:00","ICP-Brasil - Certificado PF A1"]],["Geferson dos Santos",["2025-04-14T13:01:46-04:00","ICP-Brasil - Certificado PF A1"]],["Jorge Antonio Honorato de Souza",["2025-04-15T08:06:20-04:00","ICP-Brasil - Certificado PF A1"]],["Marcio Domingos dos Santos",["2025-04-15T08:09:39-04:00","ICP-Brasil - Certificado PF A1"]],["Marcio Souza Magalhaes",["2025-04-15T08:16:09-04:00","ICP-Brasil - Certificado PF A1"]],["Ozias Alves dos Santos",["2025-04-15T08:11:26-04:00","ICP-Brasil - Certificado PF A1"]]]}}},"numero":228,"ano":2025,"numero_protocolo":208,"data_apresentacao":"2025-04-11","tipo_apresentacao":"E","data_publicacao":null,"numero_origem_externa":"","ano_origem_externa":null,"data_origem_externa":null,"apelido":"","dias_prazo":null,"data_fim_prazo":null,"em_tramitacao":false,"polemica":false,"objeto":"","complementar":false,"ementa":"Requer Reajuste no valor das di\u00e1rias do Amigo Volunt\u00e1rio","indexacao":"","observacao":"Considerando que o valor atualmente pago como di\u00e1ria aos amigos volunt\u00e1rios permanece fixado em R$ 50,00, o qual se encontra defasado diante da realidade econ\u00f4mica atual, venho por meio deste refor\u00e7ar a necessidade de um reajuste justo e coerente. Esse reajuste contribuir\u00e1 significativamente para manter a motiva\u00e7\u00e3o dos volunt\u00e1rios e proporcionar melhores condi\u00e7\u00f5es para o exerc\u00edcio de suas atividades. Tal medida representa n\u00e3o apenas um reconhecimento \u00e0 sua dedica\u00e7\u00e3o, mas tamb\u00e9m um incentivo \u00e0 continuidade e \u00e0 qualidade dos servi\u00e7os prestados.","resultado":"","texto_original":"http://sapl.saofranciscodoguapore.ro.leg.br/media/sapl/public/materialegislativa/2025/3438/requerimento_no.228-2025-agnielde.pdf","data_ultima_atualizacao":"2025-04-15T10:41:20.867674-03:00","ip":"131.161.209.8","ultima_edicao":"2025-04-15T10:41:19.617801-03:00","tipo":14,"regime_tramitacao":3,"tipo_origem_externa":null,"local_origem_externa":null,"user":3,"anexadas":[],"autores":[70]}