{"id":3437,"__str__":"Requerimento n\u00ba 227 de 2025","link_detail_backend":"/materia/3437","metadata":{"signs":{"texto_original":{"admin":[],"autores":[["Agnielde Benici Adorno",["2025-04-14T10:20:53-04:00","ICP-Brasil - Certificado PF A1"]],["Alessandra Varelo de Brito",["2025-04-14T13:04:54-04:00","ICP-Brasil - Certificado PF A1"]],["Braz Carlos Correia",["2025-04-15T08:01:14-04:00","ICP-Brasil - Certificado PF A1"]],["Eber Lopes Reis",["2025-04-15T08:13:41-04:00","ICP-Brasil - Certificado PF A1"]],["Elias Andrade de Lima",["2025-04-15T08:03:29-04:00","ICP-Brasil - Certificado PF A1"]],["Geferson dos Santos",["2025-04-14T13:01:40-04:00","ICP-Brasil - Certificado PF A1"]],["Jorge Antonio Honorato de Souza",["2025-04-15T08:06:35-04:00","ICP-Brasil - Certificado PF A1"]],["Marcio Domingos dos Santos",["2025-04-15T08:09:56-04:00","ICP-Brasil - Certificado PF A1"]],["Marcio Souza Magalhaes",["2025-04-15T08:16:31-04:00","ICP-Brasil - Certificado PF A1"]],["Ozias Alves dos Santos",["2025-04-15T08:11:45-04:00","ICP-Brasil - Certificado PF A1"]]]}}},"numero":227,"ano":2025,"numero_protocolo":207,"data_apresentacao":"2025-04-11","tipo_apresentacao":"E","data_publicacao":null,"numero_origem_externa":"","ano_origem_externa":null,"data_origem_externa":null,"apelido":"","dias_prazo":null,"data_fim_prazo":null,"em_tramitacao":false,"polemica":false,"objeto":"","complementar":false,"ementa":"Requer junto a Secretaria Municipal de Esportes a  realizar de manuten\u00e7\u00e3o na quadra de esportes localizada na Vila do Porto Murtinho, com especial aten\u00e7\u00e3o para a manuten\u00e7\u00e3o e restaura\u00e7\u00e3o do fornecimento de energia el\u00e9trica, que se encontra atualmente desligada.","indexacao":"","observacao":"Considerando a import\u00e2ncia dessa pratica esportivas para a comunidade, pe\u00e7o a devida manuten\u00e7\u00e3o da quadre e da rede el\u00e9trica, possibilitando novamente o uso da quadra pela comunidade, garantindo mais seguran\u00e7a, lazer e incentivo a pr\u00e1tica de esportes e atividades de lazer pela comunidade no per\u00edodo noturno, garantindo melhor, conviv\u00eancia e promo\u00e7\u00e3o da sa\u00fade dos moradores da regi\u00e3o. Conto com o apoio dos nobres colegas.","resultado":"","texto_original":"http://sapl.saofranciscodoguapore.ro.leg.br/media/sapl/public/materialegislativa/2025/3437/requerimento_no.227-2025-agnielde.pdf","data_ultima_atualizacao":"2025-04-15T10:41:04.875347-03:00","ip":"131.161.209.8","ultima_edicao":"2025-04-15T10:41:03.623547-03:00","tipo":14,"regime_tramitacao":3,"tipo_origem_externa":null,"local_origem_externa":null,"user":3,"anexadas":[],"autores":[70]}