{"id":3433,"__str__":"Requerimento n\u00ba 225 de 2025","link_detail_backend":"/materia/3433","metadata":{"signs":{"texto_original":{"admin":[],"autores":[["Agnielde Benici Adorno",["2025-04-14T13:08:11-04:00","ICP-Brasil - Certificado PF A1"]],["Alessandra Varelo de Brito",["2025-04-14T13:04:40-04:00","ICP-Brasil - Certificado PF A1"]],["Braz Carlos Correia",["2025-04-15T08:52:02-04:00","ICP-Brasil - Certificado PF A1"]],["Elias Andrade de Lima",["2025-04-15T08:22:18-04:00","ICP-Brasil - Certificado PF A1"]],["Geferson dos Santos",["2025-04-14T13:01:30-04:00","ICP-Brasil - Certificado PF A1"]],["Jorge Antonio Honorato de Souza",["2025-04-15T08:25:13-04:00","ICP-Brasil - Certificado PF A1"]],["Marcio Domingos dos Santos",["2025-04-14T10:19:18-04:00","ICP-Brasil - Certificado PF A1"]],["Marcio Souza Magalhaes",["2025-04-15T08:53:55-04:00","ICP-Brasil - Certificado PF A1"]],["Ozias Alves dos Santos",["2025-04-15T08:27:42-04:00","ICP-Brasil - Certificado PF A1"]]]}}},"numero":225,"ano":2025,"numero_protocolo":203,"data_apresentacao":"2025-04-10","tipo_apresentacao":"E","data_publicacao":null,"numero_origem_externa":"","ano_origem_externa":null,"data_origem_externa":null,"apelido":"","dias_prazo":null,"data_fim_prazo":null,"em_tramitacao":false,"polemica":false,"objeto":"","complementar":false,"ementa":"Requer: Solicita\u00e7\u00e3o de Compra de Medicamentos de Alto Custo.","indexacao":"","observacao":"Justifico: por meio deste, solicitar, com urg\u00eancia, que a Prefeitura, em conjunto com a Secretaria Municipal de Sa\u00fade, tome as provid\u00eancias necess\u00e1rias para a aquisi\u00e7\u00e3o dos medicamentos de alto custo que est\u00e3o em falta na farm\u00e1cia municipal.\r\nEsses medicamentos s\u00e3o essenciais para o tratamento de diversas condi\u00e7\u00f5es de sa\u00fade da popula\u00e7\u00e3o, e a aus\u00eancia deles tem causado grande preocupa\u00e7\u00e3o e impacto na qualidade de vida dos pacientes que dependem da distribui\u00e7\u00e3o gratuita.\r\nDiante da import\u00e2ncia desse fornecimento, pe\u00e7o especial aten\u00e7\u00e3o a essa solicita\u00e7\u00e3o e conto com o compromisso da administra\u00e7\u00e3o municipal para solucionar essa quest\u00e3o o mais breve poss\u00edvel.\r\nAgrade\u00e7o antecipadamente pela aten\u00e7\u00e3o e aguardo um retorno sobre as medidas que ser\u00e3o adotadas.","resultado":"","texto_original":"http://sapl.saofranciscodoguapore.ro.leg.br/media/sapl/public/materialegislativa/2025/3433/requerimento_no.225-2025-marcio.pdf","data_ultima_atualizacao":"2025-04-15T10:40:11.929185-03:00","ip":"131.161.209.8","ultima_edicao":"2025-04-15T10:40:10.873119-03:00","tipo":14,"regime_tramitacao":4,"tipo_origem_externa":null,"local_origem_externa":null,"user":3,"anexadas":[],"autores":[71]}