{"id":3432,"__str__":"Requerimento n\u00ba 224 de 2025","link_detail_backend":"/materia/3432","metadata":{"signs":{"texto_original":{"admin":[],"autores":[["Agnielde Benici Adorno",["2025-04-14T13:08:02-04:00","ICP-Brasil - Certificado PF A1"]],["Alessandra Varelo de Brito",["2025-04-14T13:04:32-04:00","ICP-Brasil - Certificado PF A1"]],["Braz Carlos Correia",["2025-04-15T09:09:19-04:00","ICP-Brasil - Certificado PF A1"]],["Eber Lopes Reis",["2025-04-15T09:10:24-04:00","ICP-Brasil - Certificado PF A1"]],["Elias Andrade de Lima",["2025-04-15T08:22:07-04:00","ICP-Brasil - Certificado PF A1"]],["Geferson dos Santos",["2025-04-14T13:01:24-04:00","ICP-Brasil - Certificado PF A1"]],["Jorge Antonio Honorato de Souza",["2025-04-15T08:25:00-04:00","ICP-Brasil - Certificado PF A1"]],["Marcio Domingos dos Santos",["2025-04-14T10:18:38-04:00","ICP-Brasil - Certificado PF A1"]],["Marcio Souza Magalhaes",["2025-04-15T08:54:48-04:00","ICP-Brasil - Certificado PF A1"]],["Ozias Alves dos Santos",["2025-04-15T08:27:28-04:00","ICP-Brasil - Certificado PF A1"]]]}}},"numero":224,"ano":2025,"numero_protocolo":202,"data_apresentacao":"2025-04-10","tipo_apresentacao":"E","data_publicacao":null,"numero_origem_externa":"","ano_origem_externa":null,"data_origem_externa":null,"apelido":"","dias_prazo":null,"data_fim_prazo":null,"em_tramitacao":false,"polemica":false,"objeto":"","complementar":false,"ementa":"Requer: Solicita\u00e7\u00e3o de aumento da frota de \u00f4nibus em 30% para melhor atendimento aos estudantes.","indexacao":"","observacao":"Justifico: N\u00f3s, moradores do munic\u00edpio de S\u00e3o Francisco do Guapor\u00e9 - RO, especialmente pais, estudantes e demais cidad\u00e3os preocupados com a qualidade do transporte p\u00fablico, viemos por meio deste solicitar a amplia\u00e7\u00e3o da frota de \u00f4nibus em 30%, tendo em vista que a atual quantidade de ve\u00edculos tem se mostrado insuficiente para atender a demanda estudantil.\r\nAtualmente, muitos alunos chegam em casa muito tarde devido ao n\u00famero reduzido de \u00f4nibus dispon\u00edveis, o que compromete n\u00e3o apenas o rendimento escolar, mas tamb\u00e9m a seguran\u00e7a e o bem-estar dos estudantes. O aumento da frota contribuiria para reduzir o tempo de espera e garantir um transporte mais eficiente e adequado.\r\nDessa forma, solicitamos a aten\u00e7\u00e3o e provid\u00eancias urgentes da administra\u00e7\u00e3o municipal para atender a essa necessidade essencial para nossa comunidade. Estamos \u00e0 disposi\u00e7\u00e3o para dialogar e colaborar no que for necess\u00e1rio para a melhoria do transporte p\u00fablico em nosso munic\u00edpio.\r\nNa expectativa de um retorno positivo, agradecemos antecipadamente sua aten\u00e7\u00e3o e comprometimento com o bem-estar da popula\u00e7\u00e3o.","resultado":"","texto_original":"http://sapl.saofranciscodoguapore.ro.leg.br/media/sapl/public/materialegislativa/2025/3432/requerimento_no.224-2025-marcio.pdf","data_ultima_atualizacao":"2025-04-15T10:39:39.811908-03:00","ip":"131.161.209.8","ultima_edicao":"2025-04-15T10:39:38.715022-03:00","tipo":14,"regime_tramitacao":3,"tipo_origem_externa":null,"local_origem_externa":null,"user":3,"anexadas":[],"autores":[71]}