{"id":3431,"__str__":"Requerimento n\u00ba 223 de 2025","link_detail_backend":"/materia/3431","metadata":{"signs":{"texto_original":{"admin":[],"autores":[["Agnielde Benici Adorno",["2025-04-14T13:07:52-04:00","ICP-Brasil - Certificado PF A1"]],["Alessandra Varelo de Brito",["2025-04-14T13:04:25-04:00","ICP-Brasil - Certificado PF A1"]],["Braz Carlos Correia",["2025-04-15T08:39:52-04:00","ICP-Brasil - Certificado PF A1"]],["Eber Lopes Reis",["2025-04-15T08:29:57-04:00","ICP-Brasil - Certificado PF A1"]],["Elias Andrade de Lima",["2025-04-15T08:21:56-04:00","ICP-Brasil - Certificado PF A1"]],["Geferson dos Santos",["2025-04-14T13:01:19-04:00","ICP-Brasil - Certificado PF A1"]],["Jorge Antonio Honorato de Souza",["2025-04-15T08:24:48-04:00","ICP-Brasil - Certificado PF A1"]],["Marcio Domingos dos Santos",["2025-04-14T10:18:15-04:00","ICP-Brasil - Certificado PF A1"]],["Marcio Souza Magalhaes",["2025-04-15T08:36:51-04:00","ICP-Brasil - Certificado PF A1"]],["Ozias Alves dos Santos",["2025-04-15T08:27:13-04:00","ICP-Brasil - Certificado PF A1"]]]}}},"numero":223,"ano":2025,"numero_protocolo":201,"data_apresentacao":"2025-04-10","tipo_apresentacao":"E","data_publicacao":null,"numero_origem_externa":"","ano_origem_externa":null,"data_origem_externa":null,"apelido":"","dias_prazo":null,"data_fim_prazo":null,"em_tramitacao":false,"polemica":false,"objeto":"","complementar":false,"ementa":"Requer: Solicita\u00e7\u00e3o de Transporte Escolar para Alunos da Escola EIEEFM Iria dos Reis Freitas","indexacao":"","observacao":"Justifico: por meio deste, respeitosamente solicitar a disponibiliza\u00e7\u00e3o de um ve\u00edculo tipo van para o transporte dos alunos que estudam na Escola EIEEFM Iria dos Reis Freitas, localizada na zona rural do setor Porto Murtinho, neste munic\u00edpio.\r\nAtualmente, muitas crian\u00e7as e adolescentes percorrem diariamente dist\u00e2ncias de at\u00e9 7 km a p\u00e9 para frequentar as aulas, enfrentando dificuldades como longos trajetos, condi\u00e7\u00f5es clim\u00e1ticas adversas e riscos no percurso. Essa situa\u00e7\u00e3o compromete n\u00e3o apenas o rendimento escolar dos estudantes, mas tamb\u00e9m a seguran\u00e7a e o bem-estar dos mesmos.\r\nDiante disso, solicitamos, com urg\u00eancia, que a Prefeitura disponibilize um meio de transporte adequado para atender a essa demanda, garantindo aos alunos o direito \u00e0 educa\u00e7\u00e3o com dignidade e acessibilidade. Contamos com a aten\u00e7\u00e3o e o compromisso da administra\u00e7\u00e3o municipal para resolver essa quest\u00e3o t\u00e3o essencial para a comunidade.\r\nDesde j\u00e1, agradecemos sua considera\u00e7\u00e3o e aguardamos uma resposta positiva para esta solicita\u00e7\u00e3o.","resultado":"","texto_original":"http://sapl.saofranciscodoguapore.ro.leg.br/media/sapl/public/materialegislativa/2025/3431/requerimento_no.223-2025-marcio.pdf","data_ultima_atualizacao":"2025-04-15T10:39:02.026949-03:00","ip":"131.161.209.8","ultima_edicao":"2025-04-15T10:39:01.001749-03:00","tipo":14,"regime_tramitacao":4,"tipo_origem_externa":null,"local_origem_externa":null,"user":3,"anexadas":[],"autores":[71]}