{"id":3429,"__str__":"Requerimento n\u00ba 221 de 2025","link_detail_backend":"/materia/3429","metadata":{"signs":{"texto_original":{"admin":[],"autores":[["Agnielde Benici Adorno",["2025-04-14T13:07:34-04:00","ICP-Brasil - Certificado PF A1"]],["Alessandra Varelo de Brito",["2025-04-14T13:04:08-04:00","ICP-Brasil - Certificado PF A1"]],["Braz Carlos Correia",["2025-04-15T08:45:06-04:00","ICP-Brasil - Certificado PF A1"]],["Eber Lopes Reis",["2025-04-15T08:29:24-04:00","ICP-Brasil - Certificado PF A1"]],["Elias Andrade de Lima",["2025-04-15T08:21:34-04:00","ICP-Brasil - Certificado PF A1"]],["Geferson dos Santos",["2025-04-14T13:01:08-04:00","ICP-Brasil - Certificado PF A1"]],["Jorge Antonio Honorato de Souza",["2025-04-15T08:24:21-04:00","ICP-Brasil - Certificado PF A1"]],["Marcio Domingos dos Santos",["2025-04-14T10:17:06-04:00","ICP-Brasil - Certificado PF A1"]],["Marcio Souza Magalhaes",["2025-04-15T08:46:14-04:00","ICP-Brasil - Certificado PF A1"]],["Ozias Alves dos Santos",["2025-04-15T08:26:44-04:00","ICP-Brasil - Certificado PF A1"]]]}}},"numero":221,"ano":2025,"numero_protocolo":199,"data_apresentacao":"2025-04-08","tipo_apresentacao":"E","data_publicacao":null,"numero_origem_externa":"","ano_origem_externa":null,"data_origem_externa":null,"apelido":"","dias_prazo":null,"data_fim_prazo":null,"em_tramitacao":false,"polemica":false,"objeto":"","complementar":false,"ementa":"Requer: Solicitar a revis\u00e3o do tempo m\u00e1ximo de uso dos \u00f4nibus escolares da frota municipal, reduzindo de 15 para 10 anos.","indexacao":"","observacao":"Justifico: N\u00f3s, cidad\u00e3os de S\u00e3o Francisco do Guapor\u00e9, vimos, por meio deste, solicitar a revis\u00e3o do tempo m\u00e1ximo de uso dos \u00f4nibus escolares da frota municipal, reduzindo de 15 para 10 anos.\r\nEssa mudan\u00e7a se faz necess\u00e1ria, pois ve\u00edculos com mais de 10 anos apresentam frequentes problemas mec\u00e2nicos, resultando em constantes manuten\u00e7\u00f5es e tempo parado em oficinas. Isso compromete o transporte dos estudantes, causando transtornos e preju\u00edzos ao calend\u00e1rio escolar.\r\nDiante disso, solicitamos a aten\u00e7\u00e3o e provid\u00eancias da administra\u00e7\u00e3o municipal para garantir um transporte escolar mais seguro e eficiente para nossas crian\u00e7as.\r\nAguardamos um retorno e agradecemos desde j\u00e1 pela aten\u00e7\u00e3o.","resultado":"","texto_original":"http://sapl.saofranciscodoguapore.ro.leg.br/media/sapl/public/materialegislativa/2025/3429/requerimento_no.221-2025-marcio.pdf","data_ultima_atualizacao":"2025-04-15T10:37:30.513116-03:00","ip":"131.161.209.8","ultima_edicao":"2025-04-15T10:37:29.123286-03:00","tipo":14,"regime_tramitacao":3,"tipo_origem_externa":null,"local_origem_externa":null,"user":3,"anexadas":[],"autores":[71]}