{"id":3428,"__str__":"Requerimento n\u00ba 220 de 2025","link_detail_backend":"/materia/3428","metadata":{"signs":{"texto_original":{"admin":[],"autores":[["Agnielde Benici Adorno",["2025-04-14T13:07:25-04:00","ICP-Brasil - Certificado PF A1"]],["Alessandra Varelo de Brito",["2025-04-14T13:04:01-04:00","ICP-Brasil - Certificado PF A1"]],["Braz Carlos Correia",["2025-04-15T08:47:33-04:00","ICP-Brasil - Certificado PF A1"]],["Eber Lopes Reis",["2025-04-15T08:29:08-04:00","ICP-Brasil - Certificado PF A1"]],["Elias Andrade de Lima",["2025-04-15T08:21:24-04:00","ICP-Brasil - Certificado PF A1"]],["Geferson dos Santos",["2025-04-14T13:01:03-04:00","ICP-Brasil - Certificado PF A1"]],["Jorge Antonio Honorato de Souza",["2025-04-15T08:24:09-04:00","ICP-Brasil - Certificado PF A1"]],["Marcio Domingos dos Santos",["2025-04-14T10:16:39-04:00","ICP-Brasil - Certificado PF A1"]],["Marcio Souza Magalhaes",["2025-04-15T08:48:47-04:00","ICP-Brasil - Certificado PF A1"]],["Ozias Alves dos Santos",["2025-04-15T08:26:30-04:00","ICP-Brasil - Certificado PF A1"]]]}}},"numero":220,"ano":2025,"numero_protocolo":198,"data_apresentacao":"2025-04-08","tipo_apresentacao":"E","data_publicacao":null,"numero_origem_externa":"","ano_origem_externa":null,"data_origem_externa":null,"apelido":"","dias_prazo":null,"data_fim_prazo":null,"em_tramitacao":false,"polemica":false,"objeto":"","complementar":false,"ementa":"Requer: Solicita\u00e7\u00e3o de Mapeamento e Instala\u00e7\u00e3o de Ilumina\u00e7\u00e3o P\u00fablica.","indexacao":"","observacao":"Justifico: por meio deste, solicitar que a equipe respons\u00e1vel realize o mapeamento das ruas que ainda n\u00e3o possuem ilumina\u00e7\u00e3o p\u00fablica em nosso munic\u00edpio. Al\u00e9m disso, solicito que sejam tomadas as devidas provid\u00eancias, em parceria com a Energisa, para a instala\u00e7\u00e3o da ilumina\u00e7\u00e3o necess\u00e1ria, garantindo mais seguran\u00e7a e qualidade de vida para os moradores.\r\nA ilumina\u00e7\u00e3o p\u00fablica \u00e9 um direito essencial para todos e fundamental para a seguran\u00e7a e bem-estar da popula\u00e7\u00e3o. Agrade\u00e7o desde j\u00e1 a aten\u00e7\u00e3o e aguardo provid\u00eancias.","resultado":"","texto_original":"http://sapl.saofranciscodoguapore.ro.leg.br/media/sapl/public/materialegislativa/2025/3428/requerimento_no.220-2025-marcio.pdf","data_ultima_atualizacao":"2025-04-15T10:36:51.525213-03:00","ip":"131.161.209.8","ultima_edicao":"2025-04-15T10:36:50.397036-03:00","tipo":14,"regime_tramitacao":3,"tipo_origem_externa":null,"local_origem_externa":null,"user":3,"anexadas":[],"autores":[71]}