{"id":3368,"__str__":"Requerimento n\u00ba 176 de 2025","link_detail_backend":"/materia/3368","metadata":{"signs":{"texto_original":{"admin":[],"autores":[["Agnielde Benici Adorno",["2025-03-24T13:18:34-04:00","ICP-Brasil - Certificado PF A1"]],["Alessandra Varelo de Brito",["2025-03-24T13:14:29-04:00","ICP-Brasil - Certificado PF A1"]],["Braz Carlos Correia",["2025-03-24T13:23:25-04:00","ICP-Brasil - Certificado PF A1"]],["Eber Lopes Reis",["2025-03-26T09:07:53-04:00","ICP-Brasil - Certificado PF A1"]],["Elias Andrade de Lima",["2025-03-24T13:29:11-04:00","ICP-Brasil - Certificado PF A1"]],["Geferson dos Santos",["2025-03-24T13:11:09-04:00","ICP-Brasil - Certificado PF A1"]],["Hermes Bordignon",["2025-03-24T13:35:24-04:00","ICP-Brasil - Certificado PF A1"]],["Jorge Antonio Honorato de Souza",["2025-03-26T08:40:13-04:00","ICP-Brasil - Certificado PF A1"]],["Marcio Domingos dos Santos",["2025-03-26T08:48:56-04:00","ICP-Brasil - Certificado PF A1"]],["Ozias Alves dos Santos",["2025-03-26T08:58:35-04:00","ICP-Brasil - Certificado PF A1"]]]}}},"numero":176,"ano":2025,"numero_protocolo":159,"data_apresentacao":"2025-03-21","tipo_apresentacao":"E","data_publicacao":null,"numero_origem_externa":"","ano_origem_externa":null,"data_origem_externa":null,"apelido":"","dias_prazo":null,"data_fim_prazo":null,"em_tramitacao":false,"polemica":false,"objeto":"","complementar":false,"ementa":"Requer junto a Secretaria Agricultura que no per\u00edodo de seca, fa\u00e7a dreno nas linhas do Setor Chacareiro Eixo","indexacao":"","observacao":"Justifico que todos os anos temos o mesmo problema devido as chuvas na Linha Eixo, devido ao acumulo de \u00e1gua na beira da estrada, danificando ou enchendo algumas propriedades com \u00e1gua, todos anos com a mesma situa\u00e7\u00e3o prejudicando o setor os chacareiros daquelas localidades, da Linha Eixo e de todos os bueiros, para que essa \u00e1gua passe por esse dreno que j\u00e1 tem a autoriza\u00e7\u00e3o dos propriet\u00e1rios, no qual ir\u00e1 beneficiar todos o Setor Chacareiro com a escoa\u00e7\u00e3o dessa \u00e1gua.","resultado":"","texto_original":"http://sapl.saofranciscodoguapore.ro.leg.br/media/sapl/public/materialegislativa/2025/3368/requerimento_no.176-2025-agnielde.pdf","data_ultima_atualizacao":"2025-03-26T14:31:08.677626-03:00","ip":"131.161.209.8","ultima_edicao":"2025-03-26T14:31:07.578957-03:00","tipo":14,"regime_tramitacao":3,"tipo_origem_externa":null,"local_origem_externa":null,"user":3,"anexadas":[],"autores":[70]}