{"id":3365,"__str__":"Requerimento n\u00ba 173 de 2025","link_detail_backend":"/materia/3365","metadata":{"signs":{"texto_original":{"admin":[],"autores":[["Agnielde Benici Adorno",["2025-03-24T13:18:12-04:00","ICP-Brasil - Certificado PF A1"]],["Alessandra Varelo de Brito",["2025-03-24T13:14:12-04:00","ICP-Brasil - Certificado PF A1"]],["Braz Carlos Correia",["2025-03-24T13:22:58-04:00","ICP-Brasil - Certificado PF A1"]],["Eber Lopes Reis",["2025-03-26T09:06:56-04:00","ICP-Brasil - Certificado PF A1"]],["Elias Andrade de Lima",["2025-03-24T13:28:40-04:00","ICP-Brasil - Certificado PF A1"]],["Geferson dos Santos",["2025-03-24T13:10:57-04:00","ICP-Brasil - Certificado PF A1"]],["Hermes Bordignon",["2025-03-24T13:34:47-04:00","ICP-Brasil - Certificado PF A1"]],["Jorge Antonio Honorato de Souza",["2025-03-26T08:39:31-04:00","ICP-Brasil - Certificado PF A1"]],["Marcio Domingos dos Santos",["2025-03-26T08:48:10-04:00","ICP-Brasil - Certificado PF A1"]],["Ozias Alves dos Santos",["2025-03-26T08:57:42-04:00","ICP-Brasil - Certificado PF A1"]]]}}},"numero":173,"ano":2025,"numero_protocolo":156,"data_apresentacao":"2025-03-21","tipo_apresentacao":"E","data_publicacao":null,"numero_origem_externa":"","ano_origem_externa":null,"data_origem_externa":null,"apelido":"","dias_prazo":null,"data_fim_prazo":null,"em_tramitacao":false,"polemica":false,"objeto":"","complementar":false,"ementa":"Pedido para Secretaria de educa\u00e7\u00e3o fazer a Manuten\u00e7\u00e3o das tesouras da cobertura do P\u00e1tio da Escola Neusa de Oliveira Bravin Linha 33","indexacao":"","observacao":"Visto que \u00e9 de suma import\u00e2ncia a manuten\u00e7\u00e3o e seguran\u00e7a adequada das tesouras met\u00e1licas, que sustentam a cobertura do p\u00e1tio da escola Neusa de Oliveira Bravin, localizada na Linha 33 em S\u00e3o Francisco do Guapor\u00e9, \u00e9 fundamental para garantir a seguran\u00e7a e a durabilidade da estrutura, as tesouras met\u00e1licas s\u00e3o componentes cr\u00edticos que suportam cargas verticais e horizontais, incluindo o peso do telhado e for\u00e7as ambientais como vento e chuva. Sendo que a estrutura est\u00e1 danificada e desgastada. Com a troca estaremos evitando acidentes, garantimos mais seguran\u00e7a e bem estar para nossos alunos e funcion\u00e1rios, e durabilidade no p\u00e1tio da Escola.","resultado":"","texto_original":"http://sapl.saofranciscodoguapore.ro.leg.br/media/sapl/public/materialegislativa/2025/3365/requerimento_no.173-2025-agnielde.pdf","data_ultima_atualizacao":"2025-03-26T14:30:19.889408-03:00","ip":"131.161.209.8","ultima_edicao":"2025-03-26T14:30:17.890410-03:00","tipo":14,"regime_tramitacao":3,"tipo_origem_externa":null,"local_origem_externa":null,"user":3,"anexadas":[],"autores":[70]}