{"id":3353,"__str__":"Requerimento n\u00ba 163 de 2025","link_detail_backend":"/materia/3353","metadata":{"signs":{"texto_original":{"admin":[],"autores":[["Agnielde Benici Adorno",["2025-03-24T13:17:00-04:00","ICP-Brasil - Certificado PF A1"]],["Alessandra Varelo de Brito",["2025-03-24T13:13:17-04:00","ICP-Brasil - Certificado PF A1"]],["Braz Carlos Correia",["2025-03-24T13:21:29-04:00","ICP-Brasil - Certificado PF A1"]],["Eber Lopes Reis",["2025-03-26T09:03:46-04:00","ICP-Brasil - Certificado PF A1"]],["Elias Andrade de Lima",["2025-03-24T13:26:54-04:00","ICP-Brasil - Certificado PF A1"]],["Geferson dos Santos",["2025-03-24T13:10:16-04:00","ICP-Brasil - Certificado PF A1"]],["Hermes Bordignon",["2025-03-24T13:32:46-04:00","ICP-Brasil - Certificado PF A1"]],["Jorge Antonio Honorato de Souza",["2025-03-26T08:37:12-04:00","ICP-Brasil - Certificado PF A1"]],["Marcio Domingos dos Santos",["2025-03-26T08:45:34-04:00","ICP-Brasil - Certificado PF A1"]],["Ozias Alves dos Santos",["2025-03-26T08:54:49-04:00","ICP-Brasil - Certificado PF A1"]]]}}},"numero":163,"ano":2025,"numero_protocolo":147,"data_apresentacao":"2025-03-19","tipo_apresentacao":"E","data_publicacao":null,"numero_origem_externa":"","ano_origem_externa":null,"data_origem_externa":null,"apelido":"","dias_prazo":null,"data_fim_prazo":null,"em_tramitacao":false,"polemica":false,"objeto":"","complementar":false,"ementa":"Requer: Solicita\u00e7\u00e3o de Contribui\u00e7\u00e3o Financeira no valor de 50.000,00 reais, para a Cooperativa de Recicl\u00e1veis.","indexacao":"","observacao":"Justifico: por meio deste, solicitar a destina\u00e7\u00e3o de uma contribui\u00e7\u00e3o anual no valor de R$ 50.000,00 (cinquenta mil reais) para a Cooperativa de Colaboradores e Coletadores de Recicl\u00e1veis de S\u00e3o Francisco do Guapor\u00e9 \u2013 RO.\r\nEssa coopera\u00e7\u00e3o financeira auxiliar\u00e1 no fortalecimento das atividades da cooperativa, promovendo melhores condi\u00e7\u00f5es de trabalho para os coletores, incentivando a reciclagem e contribuindo diretamente para a preserva\u00e7\u00e3o ambiental do munic\u00edpio. Al\u00e9m disso, a valoriza\u00e7\u00e3o dos profissionais que atuam nesse setor \u00e9 essencial para o desenvolvimento sustent\u00e1vel da nossa cidade.\r\nCerto de sua aten\u00e7\u00e3o e compromisso com a causa ambiental e social, aguardo um retorno positivo.","resultado":"","texto_original":"http://sapl.saofranciscodoguapore.ro.leg.br/media/sapl/public/materialegislativa/2025/3353/requerimento_no.163-2025-marcio.pdf","data_ultima_atualizacao":"2025-03-26T14:25:35.511651-03:00","ip":"131.161.209.8","ultima_edicao":"2025-03-26T14:25:34.500795-03:00","tipo":14,"regime_tramitacao":3,"tipo_origem_externa":null,"local_origem_externa":null,"user":3,"anexadas":[],"autores":[71]}