{"id":3347,"__str__":"Requerimento n\u00ba 158 de 2025","link_detail_backend":"/materia/3347","metadata":{"signs":{"texto_original":{"admin":[],"autores":[["Agnielde Benici Adorno",["2025-03-24T13:16:23-04:00","ICP-Brasil - Certificado PF A1"]],["Alessandra Varelo de Brito",["2025-03-24T13:12:49-04:00","ICP-Brasil - Certificado PF A1"]],["Braz Carlos Correia",["2025-03-24T13:20:44-04:00","ICP-Brasil - Certificado PF A1"]],["Eber Lopes Reis",["2025-03-26T09:02:11-04:00","ICP-Brasil - Certificado PF A1"]],["Elias Andrade de Lima",["2025-03-24T13:26:01-04:00","ICP-Brasil - Certificado PF A1"]],["Geferson dos Santos",["2025-03-24T13:09:56-04:00","ICP-Brasil - Certificado PF A1"]],["Hermes Bordignon",["2025-03-24T13:31:43-04:00","ICP-Brasil - Certificado PF A1"]],["Jorge Antonio Honorato de Souza",["2025-03-26T08:36:02-04:00","ICP-Brasil - Certificado PF A1"]],["Marcio Domingos dos Santos",["2025-03-26T08:44:16-04:00","ICP-Brasil - Certificado PF A1"]],["Ozias Alves dos Santos",["2025-03-26T08:53:22-04:00","ICP-Brasil - Certificado PF A1"]]]}}},"numero":158,"ano":2025,"numero_protocolo":142,"data_apresentacao":"2025-03-18","tipo_apresentacao":"E","data_publicacao":null,"numero_origem_externa":"","ano_origem_externa":null,"data_origem_externa":null,"apelido":"","dias_prazo":null,"data_fim_prazo":null,"em_tramitacao":false,"polemica":false,"objeto":"","complementar":false,"ementa":"Que seja comprado ar condicionado e instalado na capela mortu\u00e1ria.","indexacao":"","observacao":"Se faz necess\u00e1rio essa melhoria para a popula\u00e7\u00e3o, pois as vezes est\u00e1 muito calor e se tiver muita gente fica abafada, as fam\u00edlias j\u00e1 estar\u00e3o passando por um momento sofrido de muita dor e podemos fazer essa melhoria.","resultado":"","texto_original":"http://sapl.saofranciscodoguapore.ro.leg.br/media/sapl/public/materialegislativa/2025/3347/requerimento_no.158-2025-eber.pdf","data_ultima_atualizacao":"2025-03-26T14:22:32.121190-03:00","ip":"131.161.209.8","ultima_edicao":"2025-03-26T14:22:31.099955-03:00","tipo":14,"regime_tramitacao":3,"tipo_origem_externa":null,"local_origem_externa":null,"user":3,"anexadas":[],"autores":[63]}