{"id":3341,"__str__":"Requerimento n\u00ba 153 de 2025","link_detail_backend":"/materia/3341","metadata":{"signs":{"texto_original":{"admin":[],"autores":[["Agnielde Benici Adorno",["2025-03-24T13:15:48-04:00","ICP-Brasil - Certificado PF A1"]],["Alessandra Varelo de Brito",["2025-03-24T13:12:22-04:00","ICP-Brasil - Certificado PF A1"]],["Braz Carlos Correia",["2025-03-24T13:20:00-04:00","ICP-Brasil - Certificado PF A1"]],["Eber Lopes Reis",["2025-03-26T09:00:34-04:00","ICP-Brasil - Certificado PF A1"]],["Elias Andrade de Lima",["2025-03-24T13:25:09-04:00","ICP-Brasil - Certificado PF A1"]],["Geferson dos Santos",["2025-03-24T13:09:36-04:00","ICP-Brasil - Certificado PF A1"]],["Hermes Bordignon",["2025-03-24T13:30:43-04:00","ICP-Brasil - Certificado PF A1"]],["Jorge Antonio Honorato de Souza",["2025-03-26T08:34:51-04:00","ICP-Brasil - Certificado PF A1"]],["Marcio Domingos dos Santos",["2025-03-26T08:42:58-04:00","ICP-Brasil - Certificado PF A1"]],["Ozias Alves dos Santos",["2025-03-26T08:51:55-04:00","ICP-Brasil - Certificado PF A1"]]]}}},"numero":153,"ano":2025,"numero_protocolo":135,"data_apresentacao":"2025-03-18","tipo_apresentacao":"E","data_publicacao":null,"numero_origem_externa":"","ano_origem_externa":null,"data_origem_externa":null,"apelido":"","dias_prazo":null,"data_fim_prazo":null,"em_tramitacao":false,"polemica":false,"objeto":"","complementar":false,"ementa":"Requer: Solicita\u00e7\u00e3o de Implanta\u00e7\u00e3o de Rotat\u00f3ria frente ao Auto Posto RT IV.","indexacao":"","observacao":"Justifico: por meio deste, respeitosamente solicitar a implanta\u00e7\u00e3o de uma rotat\u00f3ria no cruzamento em frente ao Auto Posto RT IV, localizado na Rua Ronaldo Arag\u00e3o, 3610, em nosso munic\u00edpio. A referida localiza\u00e7\u00e3o tem registrado um aumento significativo no fluxo de ve\u00edculos, o que tem gerado dificuldades no tr\u00e2nsito e elevado o risco de acidentes. A instala\u00e7\u00e3o de uma rotat\u00f3ria contribuiria para a organiza\u00e7\u00e3o do tr\u00e1fego, proporcionando mais seguran\u00e7a para motoristas e pedestres. Diante do exposto, conto com sua aten\u00e7\u00e3o e solicito que essa demanda seja analisada com prioridade. Desde j\u00e1, agrade\u00e7o a considera\u00e7\u00e3o e me coloco \u00e0 disposi\u00e7\u00e3o para quaisquer esclarecimentos.","resultado":"","texto_original":"http://sapl.saofranciscodoguapore.ro.leg.br/media/sapl/public/materialegislativa/2025/3341/requerimento_no.153-2025-marcio.pdf","data_ultima_atualizacao":"2025-03-26T14:18:41.236413-03:00","ip":"131.161.209.8","ultima_edicao":"2025-03-26T14:18:40.221041-03:00","tipo":14,"regime_tramitacao":3,"tipo_origem_externa":null,"local_origem_externa":null,"user":3,"anexadas":[],"autores":[71]}