{"id":3337,"__str__":"Requerimento n\u00ba 150 de 2025","link_detail_backend":"/materia/3337","metadata":{"signs":{"texto_original":{"admin":[],"autores":[["Agnielde Benici Adorno",["2025-03-18T12:16:01-04:00","ICP-Brasil - Certificado PF A1"]],["Alessandra Varelo de Brito",["2025-03-18T12:23:09-04:00","ICP-Brasil - Certificado PF A1"]],["Braz Carlos Correia",["2025-03-18T12:09:30-04:00","ICP-Brasil - Certificado PF A1"]],["Eber Lopes Reis",["2025-03-18T11:40:03-04:00","ICP-Brasil - Certificado PF A1"]],["Elias Andrade de Lima",["2025-03-18T12:03:17-04:00","ICP-Brasil - Certificado PF A1"]],["Hermes Bordignon",["2025-03-18T11:57:17-04:00","ICP-Brasil - Certificado PF A1"]],["Jorge Antonio Honorato de Souza",["2025-03-18T11:52:12-04:00","ICP-Brasil - Certificado PF A1"]],["Marcio Domingos dos Santos",["2025-03-18T10:46:26-04:00","ICP-Brasil - Certificado PF A1"]],["Marcio Souza Magalhaes",["2025-03-18T11:37:07-04:00","ICP-Brasil - Certificado PF A1"]],["Ozias Alves dos Santos",["2025-03-18T10:45:54-04:00","ICP-Brasil - Certificado PF A1"]]]}}},"numero":150,"ano":2025,"numero_protocolo":131,"data_apresentacao":"2025-03-14","tipo_apresentacao":"E","data_publicacao":null,"numero_origem_externa":"","ano_origem_externa":null,"data_origem_externa":null,"apelido":"","dias_prazo":null,"data_fim_prazo":null,"em_tramitacao":false,"polemica":false,"objeto":"","complementar":false,"ementa":"Requer: Solicita\u00e7\u00e3o de Capacita\u00e7\u00e3o para Professores e Distribui\u00e7\u00e3o de Materiais Escolares para Crian\u00e7as com Defici\u00eancia.","indexacao":"","observacao":"Justifico: por meio deste, solicitar que a Prefeitura, juntamente com a Secretaria de Educa\u00e7\u00e3o, disponibilize cursos de capacita\u00e7\u00e3o para os professores da rede municipal, com o objetivo de melhor prepar\u00e1-los para atender crian\u00e7as com defici\u00eancias f\u00edsicas, mentais e emocionais.\r\nAl\u00e9m disso, solicito que sejam distribu\u00eddos materiais escolares adaptados \u00e0s necessidades dessas crian\u00e7as, conforme previsto em lei, garantindo assim uma educa\u00e7\u00e3o inclusiva e de qualidade para todos os alunos do munic\u00edpio.\r\nEssa iniciativa contribuir\u00e1 significativamente para o desenvolvimento educacional de S\u00e3o Francisco do Guapor\u00e9, proporcionando melhores condi\u00e7\u00f5es de aprendizagem e inclus\u00e3o para nossas crian\u00e7as.\r\nAgrade\u00e7o antecipadamente pela aten\u00e7\u00e3o e aguardo um posicionamento favor\u00e1vel a esta demanda.","resultado":"","texto_original":"http://sapl.saofranciscodoguapore.ro.leg.br/media/sapl/public/materialegislativa/2025/3337/requerimento_no.150-2025-ozias_marcio_assinado.pdf","data_ultima_atualizacao":"2025-03-18T14:26:15.769736-03:00","ip":"131.161.209.8","ultima_edicao":"2025-03-18T14:26:13.270393-03:00","tipo":14,"regime_tramitacao":3,"tipo_origem_externa":null,"local_origem_externa":null,"user":3,"anexadas":[],"autores":[60]}