{"id":3333,"__str__":"Requerimento n\u00ba 146 de 2025","link_detail_backend":"/materia/3333","metadata":{"signs":{"texto_original":{"admin":[],"autores":[["Agnielde Benici Adorno",["2025-03-18T12:34:19-04:00","ICP-Brasil - Certificado PF A1"]],["Alessandra Varelo de Brito",["2025-03-18T12:32:00-04:00","ICP-Brasil - Certificado PF A1"]],["Braz Carlos Correia",["2025-03-18T12:36:14-04:00","ICP-Brasil - Certificado PF A1"]],["Eber Lopes Reis",["2025-03-18T12:55:50-04:00","ICP-Brasil - Certificado PF A1"]],["Elias Andrade de Lima",["2025-03-18T12:38:19-04:00","ICP-Brasil - Certificado PF A1"]],["Hermes Bordignon",["2025-03-18T12:40:50-04:00","ICP-Brasil - Certificado PF A1"]],["Jorge Antonio Honorato de Souza",["2025-03-18T12:43:31-04:00","ICP-Brasil - Certificado PF A1"]],["Marcio Domingos dos Santos",["2025-03-18T12:48:46-04:00","ICP-Brasil - Certificado PF A1"]],["Marcio Souza Magalhaes",["2025-03-18T10:30:48-04:00","ICP-Brasil - Certificado PF A1"]],["Ozias Alves dos Santos",["2025-03-18T12:52:06-04:00","ICP-Brasil - Certificado PF A1"]]]}}},"numero":146,"ano":2025,"numero_protocolo":127,"data_apresentacao":"2025-03-14","tipo_apresentacao":"E","data_publicacao":null,"numero_origem_externa":"","ano_origem_externa":null,"data_origem_externa":null,"apelido":"","dias_prazo":null,"data_fim_prazo":null,"em_tramitacao":false,"polemica":false,"objeto":"","complementar":false,"ementa":"Requer: a concess\u00e3o do Vale Alimenta\u00e7\u00e3o e do Aux\u00edlio Sa\u00fade a todos os profissionais da Educa\u00e7\u00e3o da Rede Municipal de Ensino, garantindo melhores condi\u00e7\u00f5es de trabalho e bem-estar a essa categoria essencial.","indexacao":"","observacao":"","resultado":"","texto_original":"http://sapl.saofranciscodoguapore.ro.leg.br/media/sapl/public/materialegislativa/2025/3333/requerimento_no.146-2025-profmarcio_assinado.pdf","data_ultima_atualizacao":"2025-03-18T14:24:12.275909-03:00","ip":"131.161.209.8","ultima_edicao":"2025-03-18T14:24:11.073544-03:00","tipo":14,"regime_tramitacao":3,"tipo_origem_externa":null,"local_origem_externa":null,"user":3,"anexadas":[],"autores":[73]}