{"id":3330,"__str__":"Requerimento n\u00ba 143 de 2025","link_detail_backend":"/materia/3330","metadata":{"signs":{"texto_original":{"admin":[],"autores":[["Agnielde Benici Adorno",["2025-03-18T12:33:59-04:00","ICP-Brasil - Certificado PF A1"]],["Alessandra Varelo de Brito",["2025-03-18T12:31:45-04:00","ICP-Brasil - Certificado PF A1"]],["Braz Carlos Correia",["2025-03-18T12:35:49-04:00","ICP-Brasil - Certificado PF A1"]],["Eber Lopes Reis",["2025-03-18T12:54:55-04:00","ICP-Brasil - Certificado PF A1"]],["Elias Andrade de Lima",["2025-03-18T12:37:49-04:00","ICP-Brasil - Certificado PF A1"]],["Hermes Bordignon",["2025-03-18T12:40:15-04:00","ICP-Brasil - Certificado PF A1"]],["Jorge Antonio Honorato de Souza",["2025-03-18T12:42:51-04:00","ICP-Brasil - Certificado PF A1"]],["Marcio Domingos dos Santos",["2025-03-18T12:48:00-04:00","ICP-Brasil - Certificado PF A1"]],["Marcio Souza Magalhaes",["2025-03-18T10:25:33-04:00","ICP-Brasil - Certificado PF A1"]],["Ozias Alves dos Santos",["2025-03-18T12:51:15-04:00","ICP-Brasil - Certificado PF A1"]]]}}},"numero":143,"ano":2025,"numero_protocolo":124,"data_apresentacao":"2025-03-13","tipo_apresentacao":"E","data_publicacao":null,"numero_origem_externa":"","ano_origem_externa":null,"data_origem_externa":null,"apelido":"","dias_prazo":null,"data_fim_prazo":null,"em_tramitacao":false,"polemica":false,"objeto":"","complementar":false,"ementa":"Requer: Constru\u00e7\u00e3o de alojamento para motoristas de \u00f4nibus escolar, na Escola Neuza de Oliveira Bravin, entre uma rota e outra.","indexacao":"","observacao":"","resultado":"","texto_original":"http://sapl.saofranciscodoguapore.ro.leg.br/media/sapl/public/materialegislativa/2025/3330/requerimento_no.143-2025-profmarcio_assinado.pdf","data_ultima_atualizacao":"2025-03-18T14:23:12.860970-03:00","ip":"131.161.209.8","ultima_edicao":"2025-03-18T14:23:11.669141-03:00","tipo":14,"regime_tramitacao":3,"tipo_origem_externa":null,"local_origem_externa":null,"user":3,"anexadas":[],"autores":[73]}