{"id":3329,"__str__":"Requerimento n\u00ba 142 de 2025","link_detail_backend":"/materia/3329","metadata":{"signs":{"texto_original":{"admin":[],"autores":[["Agnielde Benici Adorno",["2025-03-18T11:02:08-04:00","ICP-Brasil - Certificado PF A1"]],["Alessandra Varelo de Brito",["2025-03-18T11:00:13-04:00","ICP-Brasil - Certificado PF A1"]],["Braz Carlos Correia",["2025-03-18T11:04:24-04:00","ICP-Brasil - Certificado PF A1"]],["Eber Lopes Reis",["2025-03-18T11:26:16-04:00","ICP-Brasil - Certificado PF A1"]],["Elias Andrade de Lima",["2025-03-18T11:07:12-04:00","ICP-Brasil - Certificado PF A1"]],["Hermes Bordignon",["2025-03-18T11:10:29-04:00","ICP-Brasil - Certificado PF A1"]],["Jorge Antonio Honorato de Souza",["2025-03-18T11:18:23-04:00","ICP-Brasil - Certificado PF A1"]],["Marcio Domingos dos Santos",["2025-03-13T11:56:56-04:00","ICP-Brasil - Certificado PF A1"]],["Marcio Souza Magalhaes",["2025-03-18T11:32:00-04:00","ICP-Brasil - Certificado PF A1"]],["Ozias Alves dos Santos",["2025-03-18T11:22:02-04:00","ICP-Brasil - Certificado PF A1"]]]}}},"numero":142,"ano":2025,"numero_protocolo":123,"data_apresentacao":"2025-03-13","tipo_apresentacao":"E","data_publicacao":null,"numero_origem_externa":"","ano_origem_externa":null,"data_origem_externa":null,"apelido":"","dias_prazo":null,"data_fim_prazo":null,"em_tramitacao":false,"polemica":false,"objeto":"","complementar":false,"ementa":"Requer: Solicita\u00e7\u00e3o de reforma e pintura da UBS Anestino de Almeida.","indexacao":"","observacao":"Justifico: por meio deste, solicitar a reforma e pintura da Unidade B\u00e1sica de Sa\u00fade (UBS) Anestino de Almeida, localizada no munic\u00edpio de S\u00e3o Francisco do Guapor\u00e9.\r\nRessalto que algumas paredes da unidade se encontram mofadas, o que pode representar um risco \u00e0 sa\u00fade dos pacientes e servidores, favorecendo o desenvolvimento de doen\u00e7as f\u00fangicas. Assim, \u00e9 fundamental que sejam tomadas provid\u00eancias urgentes para garantir um ambiente seguro e adequado para todos.\r\nConto com sua aten\u00e7\u00e3o e provid\u00eancias quanto a essa demanda e me coloco \u00e0 disposi\u00e7\u00e3o para quaisquer esclarecimentos.","resultado":"","texto_original":"http://sapl.saofranciscodoguapore.ro.leg.br/media/sapl/public/materialegislativa/2025/3329/requerimento_no.142-2025-marcio.pdf","data_ultima_atualizacao":"2025-03-18T14:22:47.308044-03:00","ip":"131.161.209.8","ultima_edicao":"2025-03-18T14:22:46.148912-03:00","tipo":14,"regime_tramitacao":4,"tipo_origem_externa":null,"local_origem_externa":null,"user":3,"anexadas":[],"autores":[71]}