{"id":3326,"__str__":"Requerimento n\u00ba 139 de 2025","link_detail_backend":"/materia/3326","metadata":{"signs":{"texto_original":{"admin":[],"autores":[["Agnielde Benici Adorno",["2025-03-18T11:01:56-04:00","ICP-Brasil - Certificado PF A1"]],["Alessandra Varelo de Brito",["2025-03-18T11:00:04-04:00","ICP-Brasil - Certificado PF A1"]],["Braz Carlos Correia",["2025-03-18T11:04:08-04:00","ICP-Brasil - Certificado PF A1"]],["Eber Lopes Reis",["2025-03-18T11:25:25-04:00","ICP-Brasil - Certificado PF A1"]],["Elias Andrade de Lima",["2025-03-18T11:06:53-04:00","ICP-Brasil - Certificado PF A1"]],["Hermes Bordignon",["2025-03-18T11:10:07-04:00","ICP-Brasil - Certificado PF A1"]],["Jorge Antonio Honorato de Souza",["2025-03-18T11:17:42-04:00","ICP-Brasil - Certificado PF A1"]],["Marcio Domingos dos Santos",["2025-03-13T11:20:51-04:00","ICP-Brasil - Certificado PF A1"]],["Marcio Souza Magalhaes",["2025-03-18T11:31:03-04:00","ICP-Brasil - Certificado PF A1"]],["Ozias Alves dos Santos",["2025-03-18T11:21:16-04:00","ICP-Brasil - Certificado PF A1"]]]}}},"numero":139,"ano":2025,"numero_protocolo":120,"data_apresentacao":"2025-03-13","tipo_apresentacao":"E","data_publicacao":null,"numero_origem_externa":"","ano_origem_externa":null,"data_origem_externa":null,"apelido":"","dias_prazo":null,"data_fim_prazo":null,"em_tramitacao":false,"polemica":false,"objeto":"","complementar":false,"ementa":"Requer: Solicita\u00e7\u00e3o de Atendimento Odontol\u00f3gico Especializado na UBS Anestino de Almeida.","indexacao":"","observacao":"Justifico: por meio deste, solicitar a amplia\u00e7\u00e3o e melhoria dos servi\u00e7os odontol\u00f3gicos oferecidos na Unidade B\u00e1sica de Sa\u00fade (UBS) Anestino de Almeida, localizada em S\u00e3o Francisco do Guapor\u00e9. A popula\u00e7\u00e3o tem enfrentado dificuldades no acesso a tratamentos odontol\u00f3gicos especializados, sendo necess\u00e1ria a inclus\u00e3o de servi\u00e7os como:\r\n\u2022\tPr\u00f3tese dent\u00e1ria;\r\n\u2022\tPequenas cirurgias odontol\u00f3gicas;\r\n\u2022\tTratamento bucal completo e humanizado na \u00e1rea de ortodontia.\r\nEsses atendimentos s\u00e3o essenciais para garantir a sa\u00fade bucal da comunidade e melhorar a qualidade de vida dos cidad\u00e3os que dependem do servi\u00e7o p\u00fablico de sa\u00fade. Diante disso, solicito que essa demanda seja analisada e atendida na medida do poss\u00edvel.\r\nAgrade\u00e7o antecipadamente pela aten\u00e7\u00e3o e me coloco \u00e0 disposi\u00e7\u00e3o para qualquer esclarecimento.","resultado":"","texto_original":"http://sapl.saofranciscodoguapore.ro.leg.br/media/sapl/public/materialegislativa/2025/3326/requerimento_no.139-2025-marcio.pdf","data_ultima_atualizacao":"2025-03-18T14:21:37.590812-03:00","ip":"131.161.209.8","ultima_edicao":"2025-03-18T14:21:36.427859-03:00","tipo":14,"regime_tramitacao":3,"tipo_origem_externa":null,"local_origem_externa":null,"user":3,"anexadas":[],"autores":[71]}