{"id":3323,"__str__":"Requerimento n\u00ba 136 de 2025","link_detail_backend":"/materia/3323","metadata":{"signs":{"texto_original":{"admin":[],"autores":[["Agnielde Benici Adorno",["2025-03-18T10:42:38-04:00","ICP-Brasil - Certificado PF A1"]],["Alessandra Varelo de Brito",["2025-03-18T12:21:52-04:00","ICP-Brasil - Certificado PF A1"]],["Braz Carlos Correia",["2025-03-18T12:08:27-04:00","ICP-Brasil - Certificado PF A1"]],["Eber Lopes Reis",["2025-03-18T11:39:42-04:00","ICP-Brasil - Certificado PF A1"]],["Elias Andrade de Lima",["2025-03-18T12:02:22-04:00","ICP-Brasil - Certificado PF A1"]],["Hermes Bordignon",["2025-03-18T11:56:29-04:00","ICP-Brasil - Certificado PF A1"]],["Jorge Antonio Honorato de Souza",["2025-03-18T11:51:31-04:00","ICP-Brasil - Certificado PF A1"]],["Marcio Domingos dos Santos",["2025-03-18T11:46:57-04:00","ICP-Brasil - Certificado PF A1"]],["Marcio Souza Magalhaes",["2025-03-18T11:36:53-04:00","ICP-Brasil - Certificado PF A1"]],["Ozias Alves dos Santos",["2025-03-18T11:42:46-04:00","ICP-Brasil - Certificado PF A1"]]]}}},"numero":136,"ano":2025,"numero_protocolo":117,"data_apresentacao":"2025-03-13","tipo_apresentacao":"E","data_publicacao":null,"numero_origem_externa":"","ano_origem_externa":null,"data_origem_externa":null,"apelido":"","dias_prazo":null,"data_fim_prazo":null,"em_tramitacao":false,"polemica":false,"objeto":"","complementar":false,"ementa":"Pedido para Secretaria Municipal de Infraestrutura e Servi\u00e7os P\u00fablicos para que realize  a retirada e limpeza da terra (areia), devido \u00e0s chuvas a areia caem\r\nna marginal, na pista de ciclismo facilitando derrapagem e queda das crian\u00e7as e dos ciclistas.","indexacao":"","observacao":"Vimos a necessidade e a import\u00e2ncia da retirada dessa areia na marginal e da pista de ciclismo, devido a v\u00e1rios acidentes com ciclista e  crian\u00e7as indo pra escola, que se desequilibram e caem de suas bicicletas, causando quedas e danos f\u00edsicos e materiais. Conto com o apoio dos nobres colegas.","resultado":"","texto_original":"http://sapl.saofranciscodoguapore.ro.leg.br/media/sapl/public/materialegislativa/2025/3323/requerimento_no.136-2025-agnielde_assinado.pdf","data_ultima_atualizacao":"2025-03-18T14:20:14.983408-03:00","ip":"131.161.209.8","ultima_edicao":"2025-03-18T14:20:13.180918-03:00","tipo":14,"regime_tramitacao":3,"tipo_origem_externa":null,"local_origem_externa":null,"user":3,"anexadas":[],"autores":[70]}