{"id":3317,"__str__":"Requerimento n\u00ba 130 de 2025","link_detail_backend":"/materia/3317","metadata":{"signs":{"texto_original":{"admin":[],"autores":[["Agnielde Benici Adorno",["2025-03-18T11:01:50-04:00","ICP-Brasil - Certificado PF A1"]],["Alessandra Varelo de Brito",["2025-03-18T10:59:59-04:00","ICP-Brasil - Certificado PF A1"]],["Braz Carlos Correia",["2025-03-18T11:04:01-04:00","ICP-Brasil - Certificado PF A1"]],["Eber Lopes Reis",["2025-03-18T11:25:24-04:00","ICP-Brasil - Certificado PF A1"]],["Elias Andrade de Lima",["2025-03-18T11:06:44-04:00","ICP-Brasil - Certificado PF A1"]],["Hermes Bordignon",["2025-03-18T11:09:56-04:00","ICP-Brasil - Certificado PF A1"]],["Jorge Antonio Honorato de Souza",["2025-03-18T11:17:41-04:00","ICP-Brasil - Certificado PF A1"]],["Marcio Domingos dos Santos",["2025-03-13T08:36:53-04:00","ICP-Brasil - Certificado PF A1"]],["Marcio Souza Magalhaes",["2025-03-18T11:31:01-04:00","ICP-Brasil - Certificado PF A1"]],["Ozias Alves dos Santos",["2025-03-18T11:21:15-04:00","ICP-Brasil - Certificado PF A1"]]]}}},"numero":130,"ano":2025,"numero_protocolo":112,"data_apresentacao":"2025-03-13","tipo_apresentacao":"E","data_publicacao":null,"numero_origem_externa":"","ano_origem_externa":null,"data_origem_externa":null,"apelido":"","dias_prazo":null,"data_fim_prazo":null,"em_tramitacao":false,"polemica":false,"objeto":"","complementar":false,"ementa":"Requer: Solicita\u00e7\u00e3o de Manuten\u00e7\u00e3o dos Aparelhos de Ar-Condicionado da UBS Augusto.","indexacao":"","observacao":"Justifico, por meio deste, respeitosamente solicitar a Vossa Excel\u00eancia a manuten\u00e7\u00e3o urgente dos aparelhos de ar-condicionado da Unidade B\u00e1sica de Sa\u00fade (UBS) Augusto, situada neste munic\u00edpio. Atualmente, tr\u00eas aparelhos encontram-se inoperantes, o que tem comprometido significativamente a qualidade do atendimento tanto para os pacientes quanto para os profissionais de sa\u00fade que ali desempenham suas fun\u00e7\u00f5es.\r\nA falta de climatiza\u00e7\u00e3o adequada no ambiente de sa\u00fade causa desconforto, podendo impactar negativamente no bem-estar dos pacientes e no desempenho dos profissionais, especialmente em dias de temperatura elevada. Ademais, um ambiente inadequado pode comprometer a qualidade dos servi\u00e7os prestados e a recupera\u00e7\u00e3o dos pacientes.\r\nDiante do exposto, solicito provid\u00eancias urgentes para a manuten\u00e7\u00e3o e, se necess\u00e1rio, a substitui\u00e7\u00e3o dos referidos aparelhos, garantindo condi\u00e7\u00f5es mais adequadas para o atendimento da popula\u00e7\u00e3o.","resultado":"","texto_original":"http://sapl.saofranciscodoguapore.ro.leg.br/media/sapl/public/materialegislativa/2025/3317/requerimento_no.130-2025-marcio.pdf","data_ultima_atualizacao":"2025-03-18T14:17:43.605795-03:00","ip":"131.161.209.8","ultima_edicao":"2025-03-18T14:17:42.528223-03:00","tipo":14,"regime_tramitacao":3,"tipo_origem_externa":null,"local_origem_externa":null,"user":3,"anexadas":[],"autores":[71]}