{"id":3316,"__str__":"Requerimento n\u00ba 129 de 2025","link_detail_backend":"/materia/3316","metadata":{"signs":{"texto_original":{"admin":[],"autores":[["Agnielde Benici Adorno",["2025-03-18T10:37:15-04:00","ICP-Brasil - Certificado PF A1"]],["Alessandra Varelo de Brito",["2025-03-18T12:20:00-04:00","ICP-Brasil - Certificado PF A1"]],["Braz Carlos Correia",["2025-03-18T12:06:56-04:00","ICP-Brasil - Certificado PF A1"]],["Eber Lopes Reis",["2025-03-18T11:39:13-04:00","ICP-Brasil - Certificado PF A1"]],["Elias Andrade de Lima",["2025-03-18T12:01:01-04:00","ICP-Brasil - Certificado PF A1"]],["Hermes Bordignon",["2025-03-18T11:55:19-04:00","ICP-Brasil - Certificado PF A1"]],["Jorge Antonio Honorato de Souza",["2025-03-18T11:50:31-04:00","ICP-Brasil - Certificado PF A1"]],["Marcio Domingos dos Santos",["2025-03-18T11:46:07-04:00","ICP-Brasil - Certificado PF A1"]],["Marcio Souza Magalhaes",["2025-03-18T11:36:34-04:00","ICP-Brasil - Certificado PF A1"]],["Ozias Alves dos Santos",["2025-03-18T11:42:06-04:00","ICP-Brasil - Certificado PF A1"]]]}}},"numero":129,"ano":2025,"numero_protocolo":111,"data_apresentacao":"2025-03-13","tipo_apresentacao":"E","data_publicacao":null,"numero_origem_externa":"","ano_origem_externa":null,"data_origem_externa":null,"apelido":"","dias_prazo":null,"data_fim_prazo":null,"em_tramitacao":false,"polemica":false,"objeto":"","complementar":false,"ementa":"Pedido de Repasse de ajuda financeira para Associa\u00e7\u00e3o dos Idosos de S\u00e3o Francisco do Guapor\u00e9, \u2013RO, conforme est\u00e1 na Lei N\u00ba 1309/2016 Art.2\u00ba.","indexacao":"","observacao":"Justifico, que seja feito o realimento de ajuda financeira para a Associa\u00e7\u00e3o dos Idosos de S\u00e3o Francisco do Guapor\u00e9, conforme a Lei N\u00ba 1309/2016 Art. 2\u00ba para que seja executada a Lei, pois a Associa\u00e7\u00e3o precisa muito da ajuda financeira pois eles dependem para custear as despesas com manuten\u00e7\u00e3o de energia e reparos. A Associa\u00e7\u00e3o tem intuito de desenvolvimento social, atividades culturais, educativas, do esporte, da cultura e lazer, como forma de resgatar e fortalecimento de v\u00ednculos sociais esses idosos e comunidade.","resultado":"","texto_original":"http://sapl.saofranciscodoguapore.ro.leg.br/media/sapl/public/materialegislativa/2025/3316/requerimento_no.129-2025-agnielde_assinado.pdf","data_ultima_atualizacao":"2025-03-18T14:17:15.487518-03:00","ip":"131.161.209.8","ultima_edicao":"2025-03-18T14:17:14.320332-03:00","tipo":14,"regime_tramitacao":3,"tipo_origem_externa":null,"local_origem_externa":null,"user":3,"anexadas":[],"autores":[70]}