{"id":3315,"__str__":"Requerimento n\u00ba 128 de 2025","link_detail_backend":"/materia/3315","metadata":{"signs":{"texto_original":{"admin":[],"autores":[["Agnielde Benici Adorno",["2025-03-18T12:33:32-04:00","ICP-Brasil - Certificado PF A1"]],["Alessandra Varelo de Brito",["2025-03-18T12:31:24-04:00","ICP-Brasil - Certificado PF A1"]],["Braz Carlos Correia",["2025-03-18T12:35:16-04:00","ICP-Brasil - Certificado PF A1"]],["Eber Lopes Reis",["2025-03-18T12:53:42-04:00","ICP-Brasil - Certificado PF A1"]],["Elias Andrade de Lima",["2025-03-18T12:37:09-04:00","ICP-Brasil - Certificado PF A1"]],["Hermes Bordignon",["2025-03-18T12:39:28-04:00","ICP-Brasil - Certificado PF A1"]],["Jorge Antonio Honorato de Souza",["2025-03-18T12:41:58-04:00","ICP-Brasil - Certificado PF A1"]],["Marcio Domingos dos Santos",["2025-03-18T12:47:01-04:00","ICP-Brasil - Certificado PF A1"]],["Marcio Souza Magalhaes",["2025-03-18T10:07:03-04:00","ICP-Brasil - Certificado PF A1"]],["Ozias Alves dos Santos",["2025-03-18T12:50:10-04:00","ICP-Brasil - Certificado PF A1"]]]}}},"numero":128,"ano":2025,"numero_protocolo":110,"data_apresentacao":"2025-03-12","tipo_apresentacao":"E","data_publicacao":null,"numero_origem_externa":"","ano_origem_externa":null,"data_origem_externa":null,"apelido":"","dias_prazo":null,"data_fim_prazo":null,"em_tramitacao":false,"polemica":false,"objeto":"","complementar":false,"ementa":"A \u00e1rea mencionada \u00e9 de significativa import\u00e2ncia para a comunidade, apresentando: Fluxo Intenso de Ve\u00edculos: A Avenida Brasil \u00e9 uma das principais vias da cidade, com tr\u00e1fego constante de ve\u00edculos particulares, transporte p\u00fablico e de servi\u00e7os.\r\nProximidade de Equipamentos P\u00fablicos: A exist\u00eancia do Hospital Regional e outros estabelecimentos de sa\u00fade na regi\u00e3o aumenta a demanda por vagas de estacionamento, especialmente para pacientes, familiares e profissionais da sa\u00fade.\r\nCom\u00e9rcio Local: A avenida abriga diversos estabelecimentos comerciais que necessitam de infraestrutura adequada para atender seus clientes, facilitando o acesso e promovendo o desenvolvimento econ\u00f4mico local.","indexacao":"","observacao":"","resultado":"","texto_original":"http://sapl.saofranciscodoguapore.ro.leg.br/media/sapl/public/materialegislativa/2025/3315/requerimento_no.128-2025-profmarcio_assinado.pdf","data_ultima_atualizacao":"2025-03-18T14:16:40.898680-03:00","ip":"131.161.209.8","ultima_edicao":"2025-03-18T14:16:39.787330-03:00","tipo":14,"regime_tramitacao":3,"tipo_origem_externa":null,"local_origem_externa":null,"user":3,"anexadas":[],"autores":[73]}