{"id":3313,"__str__":"Requerimento n\u00ba 126 de 2025","link_detail_backend":"/materia/3313","metadata":{"signs":{"texto_original":{"admin":[],"autores":[["Agnielde Benici Adorno",["2025-03-18T11:01:45-04:00","ICP-Brasil - Certificado PF A1"]],["Alessandra Varelo de Brito",["2025-03-18T10:59:55-04:00","ICP-Brasil - Certificado PF A1"]],["Braz Carlos Correia",["2025-03-18T11:03:53-04:00","ICP-Brasil - Certificado PF A1"]],["Eber Lopes Reis",["2025-03-18T11:25:07-04:00","ICP-Brasil - Certificado PF A1"]],["Elias Andrade de Lima",["2025-03-18T11:06:35-04:00","ICP-Brasil - Certificado PF A1"]],["Hermes Bordignon",["2025-03-18T11:09:45-04:00","ICP-Brasil - Certificado PF A1"]],["Jorge Antonio Honorato de Souza",["2025-03-18T11:17:28-04:00","ICP-Brasil - Certificado PF A1"]],["Marcio Domingos dos Santos",["2025-03-12T10:50:39-04:00","ICP-Brasil - Certificado PF A1"]],["Marcio Souza Magalhaes",["2025-03-18T11:30:43-04:00","ICP-Brasil - Certificado PF A1"]],["Ozias Alves dos Santos",["2025-03-18T11:21:00-04:00","ICP-Brasil - Certificado PF A1"]]]}}},"numero":126,"ano":2025,"numero_protocolo":108,"data_apresentacao":"2025-03-12","tipo_apresentacao":"E","data_publicacao":null,"numero_origem_externa":"","ano_origem_externa":null,"data_origem_externa":null,"apelido":"","dias_prazo":null,"data_fim_prazo":null,"em_tramitacao":false,"polemica":false,"objeto":"","complementar":false,"ementa":"Requer: Solicita\u00e7\u00e3o de extens\u00e3o de aproximadamente 80 metros da rede.","indexacao":"","observacao":"Justifico, por meio deste, solicitar a extens\u00e3o de aproximadamente 80 metros da rede de ilumina\u00e7\u00e3o p\u00fablica na Linha 1, Km 1, beneficiando diretamente cinco fam\u00edlias que residem no local.\r\nA amplia\u00e7\u00e3o da ilumina\u00e7\u00e3o \u00e9 de extrema import\u00e2ncia para garantir mais seguran\u00e7a e qualidade de vida aos moradores, al\u00e9m de contribuir para a melhoria das condi\u00e7\u00f5es de trafegabilidade no per\u00edodo noturno.\r\nDiante do exposto, solicito que sejam tomadas as provid\u00eancias necess\u00e1rias para atender a esta demanda.","resultado":"","texto_original":"http://sapl.saofranciscodoguapore.ro.leg.br/media/sapl/public/materialegislativa/2025/3313/requerimento_no.126-2025-marcio.pdf","data_ultima_atualizacao":"2025-03-18T14:15:53.135751-03:00","ip":"131.161.209.8","ultima_edicao":"2025-03-18T14:15:51.930574-03:00","tipo":14,"regime_tramitacao":3,"tipo_origem_externa":null,"local_origem_externa":null,"user":3,"anexadas":[],"autores":[71]}