{"id":3312,"__str__":"Requerimento n\u00ba 125 de 2025","link_detail_backend":"/materia/3312","metadata":{"signs":{"texto_original":{"admin":[],"autores":[["Agnielde Benici Adorno",["2025-03-18T12:33:19-04:00","ICP-Brasil - Certificado PF A1"]],["Alessandra Varelo de Brito",["2025-03-18T12:31:15-04:00","ICP-Brasil - Certificado PF A1"]],["Braz Carlos Correia",["2025-03-18T12:34:59-04:00","ICP-Brasil - Certificado PF A1"]],["Eber Lopes Reis",["2025-03-18T12:53:05-04:00","ICP-Brasil - Certificado PF A1"]],["Elias Andrade de Lima",["2025-03-18T12:36:50-04:00","ICP-Brasil - Certificado PF A1"]],["Hermes Bordignon",["2025-03-18T12:39:04-04:00","ICP-Brasil - Certificado PF A1"]],["Jorge Antonio Honorato de Souza",["2025-03-18T12:41:31-04:00","ICP-Brasil - Certificado PF A1"]],["Marcio Domingos dos Santos",["2025-03-18T12:46:30-04:00","ICP-Brasil - Certificado PF A1"]],["Marcio Souza Magalhaes",["2025-03-18T10:04:33-04:00","ICP-Brasil - Certificado PF A1"]],["Ozias Alves dos Santos",["2025-03-18T12:49:37-04:00","ICP-Brasil - Certificado PF A1"]]]}}},"numero":125,"ano":2025,"numero_protocolo":107,"data_apresentacao":"2025-03-12","tipo_apresentacao":"E","data_publicacao":null,"numero_origem_externa":"","ano_origem_externa":null,"data_origem_externa":null,"apelido":"","dias_prazo":null,"data_fim_prazo":null,"em_tramitacao":false,"polemica":false,"objeto":"","complementar":false,"ementa":"Requer: Contrata\u00e7\u00e3o de Amigos Volunt\u00e1rios para atuarem nas escolas municipais, especificamente nos setores de limpeza do espa\u00e7o escolar e auxiliares em sala de aula para atender alunos com defici\u00eancia.","indexacao":"","observacao":"A contrata\u00e7\u00e3o imediata dos volunt\u00e1rios \u00e9 essencial para:\r\nManuten\u00e7\u00e3o da Higiene Escolar: Garantir a limpeza e conserva\u00e7\u00e3o das instala\u00e7\u00f5es escolares, proporcionando um ambiente saud\u00e1vel e prop\u00edcio ao aprendizado.\r\nSuporte Educacional Especializado: Oferecer assist\u00eancia adequada aos alunos com defici\u00eancia, assegurando-lhes igualdade de oportunidades e pleno desenvolvimento acad\u00eamico e social.","resultado":"","texto_original":"http://sapl.saofranciscodoguapore.ro.leg.br/media/sapl/public/materialegislativa/2025/3312/requerimento_no.125-2025-profmarcio_assinado.pdf","data_ultima_atualizacao":"2025-03-18T14:15:27.456008-03:00","ip":"131.161.209.8","ultima_edicao":"2025-03-18T14:15:26.325093-03:00","tipo":14,"regime_tramitacao":3,"tipo_origem_externa":null,"local_origem_externa":null,"user":3,"anexadas":[],"autores":[73]}