{"id":3308,"__str__":"Requerimento n\u00ba 123 de 2025","link_detail_backend":"/materia/3308","metadata":{"signs":{"texto_original":{"admin":[],"autores":[["Agnielde Benici Adorno",["2025-03-18T12:12:35-04:00","ICP-Brasil - Certificado PF A1"]],["Alessandra Varelo de Brito",["2025-03-18T12:19:22-04:00","ICP-Brasil - Certificado PF A1"]],["Braz Carlos Correia",["2025-03-18T12:06:25-04:00","ICP-Brasil - Certificado PF A1"]],["Eber Lopes Reis",["2025-03-18T11:39:03-04:00","ICP-Brasil - Certificado PF A1"]],["Elias Andrade de Lima",["2025-03-18T12:00:34-04:00","ICP-Brasil - Certificado PF A1"]],["Hermes Bordignon",["2025-03-18T11:54:56-04:00","ICP-Brasil - Certificado PF A1"]],["Jorge Antonio Honorato de Souza",["2025-03-18T09:57:17-04:00","ICP-Brasil - Certificado PF A1"]],["Marcio Domingos dos Santos",["2025-03-18T11:45:50-04:00","ICP-Brasil - Certificado PF A1"]],["Marcio Souza Magalhaes",["2025-03-18T11:36:28-04:00","ICP-Brasil - Certificado PF A1"]],["Ozias Alves dos Santos",["2025-03-18T11:41:53-04:00","ICP-Brasil - Certificado PF A1"]]]}}},"numero":123,"ano":2025,"numero_protocolo":104,"data_apresentacao":"2025-03-11","tipo_apresentacao":"E","data_publicacao":null,"numero_origem_externa":"","ano_origem_externa":null,"data_origem_externa":null,"apelido":"","dias_prazo":null,"data_fim_prazo":null,"em_tramitacao":false,"polemica":false,"objeto":"","complementar":false,"ementa":"Requerimento para aloca\u00e7\u00e3o de uma ambul\u00e2ncia \u00e0 Linha 6 do Porto Murtinho","indexacao":"","observacao":"A Linha 6 do Porto Murtinho \u00e9 uma \u00e1rea estrat\u00e9gica, por\u00e9m carente de recursos m\u00f3veis de sa\u00fade. A popula\u00e7\u00e3o rural enfrenta dificuldades significativas de acesso a servi\u00e7os de emerg\u00eancia m\u00e9dica devido \u00e0 dist\u00e2ncia e \u00e0s condi\u00e7\u00f5es prec\u00e1rias de transporte. Essa situa\u00e7\u00e3o viola os princ\u00edpios constitucionais do Sistema \u00danico de Sa\u00fade (SUS), que preconizam universalidade, equidade e integralidade no atendimento \u00e0 popula\u00e7\u00e3o.\r\n\r\nA aloca\u00e7\u00e3o de uma ambul\u00e2ncia para esta regi\u00e3o trar\u00e1 benef\u00edcios como:\r\n\r\nGarantir atendimento emergencial, reduzindo o tempo de resposta;\r\nFortalecer o suporte \u00e0 UBS Romana Isabel, ampliando o atendimento;\r\nAssegurar mais seguran\u00e7a e bem-estar \u00e0 popula\u00e7\u00e3o rural.","resultado":"","texto_original":"http://sapl.saofranciscodoguapore.ro.leg.br/media/sapl/public/materialegislativa/2025/3308/requerimento_no.123-2025-jorge_assinado.pdf","data_ultima_atualizacao":"2025-03-18T14:14:39.110787-03:00","ip":"131.161.209.8","ultima_edicao":"2025-03-18T14:14:37.690598-03:00","tipo":14,"regime_tramitacao":3,"tipo_origem_externa":null,"local_origem_externa":null,"user":3,"anexadas":[],"autores":[74]}