{"id":3303,"__str__":"Requerimento n\u00ba 118 de 2025","link_detail_backend":"/materia/3303","metadata":{"signs":{"texto_original":{"admin":[],"autores":[["Agnielde Benici Adorno",["2025-03-18T11:01:27-04:00","ICP-Brasil - Certificado PF A1"]],["Alessandra Varelo de Brito",["2025-03-18T10:59:42-04:00","ICP-Brasil - Certificado PF A1"]],["Braz Carlos Correia",["2025-03-18T11:03:30-04:00","ICP-Brasil - Certificado PF A1"]],["Eber Lopes Reis",["2025-03-18T11:24:18-04:00","ICP-Brasil - Certificado PF A1"]],["Elias Andrade de Lima",["2025-03-18T11:06:07-04:00","ICP-Brasil - Certificado PF A1"]],["Hermes Bordignon",["2025-03-18T11:09:11-04:00","ICP-Brasil - Certificado PF A1"]],["Jorge Antonio Honorato de Souza",["2025-03-18T11:16:50-04:00","ICP-Brasil - Certificado PF A1"]],["Marcio Domingos dos Santos",["2025-03-11T10:27:17-04:00","ICP-Brasil - Certificado PF A1"]],["Marcio Souza Magalhaes",["2025-03-18T11:29:48-04:00","ICP-Brasil - Certificado PF A1"]],["Ozias Alves dos Santos",["2025-03-18T11:20:16-04:00","ICP-Brasil - Certificado PF A1"]]]}}},"numero":118,"ano":2025,"numero_protocolo":99,"data_apresentacao":"2025-03-11","tipo_apresentacao":"E","data_publicacao":null,"numero_origem_externa":"","ano_origem_externa":null,"data_origem_externa":null,"apelido":"","dias_prazo":null,"data_fim_prazo":null,"em_tramitacao":false,"polemica":false,"objeto":"","complementar":false,"ementa":"Requer: Aquisi\u00e7\u00e3o de 1.200 toneladas de calc\u00e1rio dolom\u00edtico, destinadas ao atendimento de 200 fam\u00edlias de produtores rurais, sendo 6 toneladas por produtor.","indexacao":"","observacao":"O objetivo dessa solicita\u00e7\u00e3o \u00e9 fortalecer a produ\u00e7\u00e3o agr\u00edcola e pecu\u00e1ria local, beneficiando produtores de caf\u00e9, leite e milho para silagem, melhorando a qualidade do solo e aumentando a produtividade dessas culturas essenciais para a economia da regi\u00e3o.\r\nDiante da relev\u00e2ncia do pedido, contamos com o apoio da administra\u00e7\u00e3o municipal para viabilizar essa demanda, promovendo o desenvolvimento sustent\u00e1vel da agricultura familiar em S\u00e3o Francisco do Guapor\u00e9.","resultado":"","texto_original":"http://sapl.saofranciscodoguapore.ro.leg.br/media/sapl/public/materialegislativa/2025/3303/requerimento_no.118-2025-marcio.pdf","data_ultima_atualizacao":"2025-03-18T14:10:02.180680-03:00","ip":"131.161.209.8","ultima_edicao":"2025-03-18T14:10:01.007168-03:00","tipo":14,"regime_tramitacao":3,"tipo_origem_externa":null,"local_origem_externa":null,"user":3,"anexadas":[],"autores":[71]}