{"id":3302,"__str__":"Requerimento n\u00ba 117 de 2025","link_detail_backend":"/materia/3302","metadata":{"signs":{"texto_original":{"admin":[],"autores":[["Agnielde Benici Adorno",["2025-03-18T11:01:21-04:00","ICP-Brasil - Certificado PF A1"]],["Alessandra Varelo de Brito",["2025-03-18T10:59:38-04:00","ICP-Brasil - Certificado PF A1"]],["Braz Carlos Correia",["2025-03-18T11:03:23-04:00","ICP-Brasil - Certificado PF A1"]],["Eber Lopes Reis",["2025-03-18T11:24:02-04:00","ICP-Brasil - Certificado PF A1"]],["Elias Andrade de Lima",["2025-03-18T11:05:57-04:00","ICP-Brasil - Certificado PF A1"]],["Hermes Bordignon",["2025-03-18T11:09:00-04:00","ICP-Brasil - Certificado PF A1"]],["Jorge Antonio Honorato de Souza",["2025-03-18T11:16:37-04:00","ICP-Brasil - Certificado PF A1"]],["Marcio Domingos dos Santos",["2025-03-18T10:56:04-04:00","ICP-Brasil - Certificado PF A1"]],["Marcio Souza Magalhaes",["2025-03-18T11:29:30-04:00","ICP-Brasil - Certificado PF A1"]],["Ozias Alves dos Santos",["2025-03-18T11:20:01-04:00","ICP-Brasil - Certificado PF A1"]]]}}},"numero":117,"ano":2025,"numero_protocolo":98,"data_apresentacao":"2025-03-10","tipo_apresentacao":"E","data_publicacao":null,"numero_origem_externa":"","ano_origem_externa":null,"data_origem_externa":null,"apelido":"","dias_prazo":null,"data_fim_prazo":null,"em_tramitacao":false,"polemica":false,"objeto":"","complementar":false,"ementa":"Requer: Solicita\u00e7\u00e3o po\u00e7o artesiano na comunidade do Porto Murtinho.","indexacao":"","observacao":"Justifico, por meio deste, solicitar a viabilidade da constru\u00e7\u00e3o de um po\u00e7o artesiano na comunidade do Porto Murtinho, visando atender \u00e0s necessidades da popula\u00e7\u00e3o local.\r\nA presente solicita\u00e7\u00e3o se faz necess\u00e1ria devido \u00e0 import\u00e2ncia do acesso \u00e0 \u00e1gua pot\u00e1vel para o bem-estar dos moradores, garantindo melhores condi\u00e7\u00f5es de vida e sa\u00fade para todos.\r\nCerto de sua aten\u00e7\u00e3o e compromisso com a popula\u00e7\u00e3o, aguardo um retorno positivo sobre esta demanda e me coloco \u00e0 disposi\u00e7\u00e3o para eventuais esclarecimentos.","resultado":"","texto_original":"http://sapl.saofranciscodoguapore.ro.leg.br/media/sapl/public/materialegislativa/2025/3302/requerimento_no.117-2025-marcio.pdf","data_ultima_atualizacao":"2025-03-18T14:08:21.441710-03:00","ip":"131.161.209.8","ultima_edicao":"2025-03-18T14:08:20.223322-03:00","tipo":14,"regime_tramitacao":3,"tipo_origem_externa":null,"local_origem_externa":null,"user":3,"anexadas":[],"autores":[71]}