{"id":3301,"__str__":"Requerimento n\u00ba 116 de 2025","link_detail_backend":"/materia/3301","metadata":{"signs":{"texto_original":{"admin":[],"autores":[["Agnielde Benici Adorno",["2025-03-18T11:01:17-04:00","ICP-Brasil - Certificado PF A1"]],["Alessandra Varelo de Brito",["2025-03-18T10:59:35-04:00","ICP-Brasil - Certificado PF A1"]],["Braz Carlos Correia",["2025-03-18T11:03:16-04:00","ICP-Brasil - Certificado PF A1"]],["Eber Lopes Reis",["2025-03-18T11:23:47-04:00","ICP-Brasil - Certificado PF A1"]],["Elias Andrade de Lima",["2025-03-18T11:05:50-04:00","ICP-Brasil - Certificado PF A1"]],["Hermes Bordignon",["2025-03-18T11:08:50-04:00","ICP-Brasil - Certificado PF A1"]],["Jorge Antonio Honorato de Souza",["2025-03-18T11:16:26-04:00","ICP-Brasil - Certificado PF A1"]],["Marcio Domingos dos Santos",["2025-03-18T10:56:03-04:00","ICP-Brasil - Certificado PF A1"]],["Marcio Souza Magalhaes",["2025-03-18T11:29:13-04:00","ICP-Brasil - Certificado PF A1"]],["Ozias Alves dos Santos",["2025-03-18T11:19:48-04:00","ICP-Brasil - Certificado PF A1"]]]}}},"numero":116,"ano":2025,"numero_protocolo":97,"data_apresentacao":"2025-03-10","tipo_apresentacao":"E","data_publicacao":null,"numero_origem_externa":"","ano_origem_externa":null,"data_origem_externa":null,"apelido":"","dias_prazo":null,"data_fim_prazo":null,"em_tramitacao":false,"polemica":false,"objeto":"","complementar":false,"ementa":"Requer: Solicita\u00e7\u00e3o de Fachada para a Casa de Abrigo.","indexacao":"","observacao":"Justifico, por meio deste, solicitar a instala\u00e7\u00e3o de uma fachada adequada para a Casa de Abrigo localizada em S\u00e3o Francisco do Guapor\u00e9 \u2013 RO.\r\nA referida Casa de Abrigo desempenha um papel essencial no acolhimento e prote\u00e7\u00e3o de pessoas em situa\u00e7\u00e3o de vulnerabilidade, oferecendo um ambiente seguro e digno. Contudo, a aus\u00eancia de uma identifica\u00e7\u00e3o visual clara pode dificultar o acesso da popula\u00e7\u00e3o ao local e comprometer sua visibilidade institucional.\r\nDessa forma, solicitamos a instala\u00e7\u00e3o de uma fachada apropriada, contendo o nome do abrigo e demais informa\u00e7\u00f5es necess\u00e1rias para facilitar sua identifica\u00e7\u00e3o. Essa melhoria contribuir\u00e1 para fortalecer a imagem da institui\u00e7\u00e3o e demonstrar o compromisso da administra\u00e7\u00e3o municipal com as pol\u00edticas de assist\u00eancia social.\r\nCertos de sua aten\u00e7\u00e3o e sensibilidade \u00e0 causa, aguardamos um retorno positivo e nos colocamos \u00e0 disposi\u00e7\u00e3o para quaisquer esclarecimentos.","resultado":"","texto_original":"http://sapl.saofranciscodoguapore.ro.leg.br/media/sapl/public/materialegislativa/2025/3301/requerimento_no.116-2025-marcio.pdf","data_ultima_atualizacao":"2025-03-18T14:07:40.360561-03:00","ip":"131.161.209.8","ultima_edicao":"2025-03-18T14:07:39.270376-03:00","tipo":14,"regime_tramitacao":3,"tipo_origem_externa":null,"local_origem_externa":null,"user":3,"anexadas":[],"autores":[71]}