{"id":3299,"__str__":"Requerimento n\u00ba 114 de 2025","link_detail_backend":"/materia/3299","metadata":{"signs":{"texto_original":{"admin":[],"autores":[["Agnielde Benici Adorno",["2025-03-18T11:01:02-04:00","ICP-Brasil - Certificado PF A1"]],["Alessandra Varelo de Brito",["2025-03-18T10:59:22-04:00","ICP-Brasil - Certificado PF A1"]],["Braz Carlos Correia",["2025-03-18T11:02:56-04:00","ICP-Brasil - Certificado PF A1"]],["Eber Lopes Reis",["2025-03-18T11:23:17-04:00","ICP-Brasil - Certificado PF A1"]],["Elias Andrade de Lima",["2025-03-18T11:05:24-04:00","ICP-Brasil - Certificado PF A1"]],["Hermes Bordignon",["2025-03-18T11:08:20-04:00","ICP-Brasil - Certificado PF A1"]],["Jorge Antonio Honorato de Souza",["2025-03-18T11:16:03-04:00","ICP-Brasil - Certificado PF A1"]],["Marcio Domingos dos Santos",["2025-03-18T10:55:59-04:00","ICP-Brasil - Certificado PF A1"]],["Marcio Souza Magalhaes",["2025-03-18T11:28:40-04:00","ICP-Brasil - Certificado PF A1"]],["Ozias Alves dos Santos",["2025-03-18T11:19:22-04:00","ICP-Brasil - Certificado PF A1"]]]}}},"numero":114,"ano":2025,"numero_protocolo":95,"data_apresentacao":"2025-03-10","tipo_apresentacao":"E","data_publicacao":null,"numero_origem_externa":"","ano_origem_externa":null,"data_origem_externa":null,"apelido":"","dias_prazo":null,"data_fim_prazo":null,"em_tramitacao":false,"polemica":false,"objeto":"","complementar":false,"ementa":"Requer: Solicita\u00e7\u00e3o de Atendimento Odontol\u00f3gico Especializado e Humanizado.","indexacao":"","observacao":"Justifico, por meio deste, respeitosamente solicitar a implanta\u00e7\u00e3o de um servi\u00e7o de atendimento odontol\u00f3gico especializado e completo no munic\u00edpio de S\u00e3o Francisco do Guapor\u00e9 \u2013 RO, incluindo cirurgias odontol\u00f3gicas, pr\u00f3teses dent\u00e1rias e demais procedimentos necess\u00e1rios para garantir a sa\u00fade bucal da popula\u00e7\u00e3o.\r\nAl\u00e9m disso, enfatizamos a necessidade de um atendimento humanizado, com profissionais capacitados para oferecer um servi\u00e7o digno e acess\u00edvel a todos, especialmente \u00e0s pessoas em situa\u00e7\u00e3o de vulnerabilidade social.\r\nCerto de sua aten\u00e7\u00e3o e compromisso com a sa\u00fade da popula\u00e7\u00e3o, aguardamos um retorno positivo e nos colocamos \u00e0 disposi\u00e7\u00e3o para contribuir com essa iniciativa.","resultado":"","texto_original":"http://sapl.saofranciscodoguapore.ro.leg.br/media/sapl/public/materialegislativa/2025/3299/requerimento_no.114-2025-marcio.pdf","data_ultima_atualizacao":"2025-03-18T14:05:56.008029-03:00","ip":"131.161.209.8","ultima_edicao":"2025-03-18T14:05:54.886556-03:00","tipo":14,"regime_tramitacao":4,"tipo_origem_externa":null,"local_origem_externa":null,"user":3,"anexadas":[],"autores":[71]}