{"id":3298,"__str__":"Requerimento n\u00ba 113 de 2025","link_detail_backend":"/materia/3298","metadata":{"signs":{"texto_original":{"admin":[],"autores":[["Agnielde Benici Adorno",["2025-03-18T12:11:41-04:00","ICP-Brasil - Certificado PF A1"]],["Alessandra Varelo de Brito",["2025-03-18T12:18:22-04:00","ICP-Brasil - Certificado PF A1"]],["Braz Carlos Correia",["2025-03-18T12:05:36-04:00","ICP-Brasil - Certificado PF A1"]],["Eber Lopes Reis",["2025-03-18T11:38:46-04:00","ICP-Brasil - Certificado PF A1"]],["Elias Andrade de Lima",["2025-03-18T11:59:51-04:00","ICP-Brasil - Certificado PF A1"]],["Hermes Bordignon",["2025-03-18T11:54:18-04:00","ICP-Brasil - Certificado PF A1"]],["Jorge Antonio Honorato de Souza",["2025-03-18T09:50:37-04:00","ICP-Brasil - Certificado PF A1"]],["Marcio Domingos dos Santos",["2025-03-18T11:45:22-04:00","ICP-Brasil - Certificado PF A1"]],["Marcio Souza Magalhaes",["2025-03-18T11:36:16-04:00","ICP-Brasil - Certificado PF A1"]],["Ozias Alves dos Santos",["2025-03-18T11:41:31-04:00","ICP-Brasil - Certificado PF A1"]]]}}},"numero":113,"ano":2025,"numero_protocolo":94,"data_apresentacao":"2025-03-10","tipo_apresentacao":"E","data_publicacao":null,"numero_origem_externa":"","ano_origem_externa":null,"data_origem_externa":null,"apelido":"","dias_prazo":null,"data_fim_prazo":null,"em_tramitacao":false,"polemica":false,"objeto":"","complementar":false,"ementa":"Requerimento para Cria\u00e7\u00e3o de Vale-Alimenta\u00e7\u00e3o e Vale-Sa\u00fade para Todos os Servidores P\u00fablicos Municipais","indexacao":"","observacao":"Os servidores municipais desempenham papel essencial no funcionamento dos \r\nservi\u00e7os p\u00fablicos, mas muitos enfrentam dificuldades financeiras que impactam sua \r\nsa\u00fade, bem-estar e desempenho profissional. A cria\u00e7\u00e3o de benef\u00edcios como Vale\r\nAlimenta\u00e7\u00e3o e Vale-Sa\u00fade \u00e9 uma medida importante para valorizar esses \r\ntrabalhadores.","resultado":"","texto_original":"http://sapl.saofranciscodoguapore.ro.leg.br/media/sapl/public/materialegislativa/2025/3298/requerimento_no.113-2025-jorge_assinado.pdf","data_ultima_atualizacao":"2025-03-18T14:05:17.725633-03:00","ip":"131.161.209.8","ultima_edicao":"2025-03-18T14:05:16.315412-03:00","tipo":14,"regime_tramitacao":3,"tipo_origem_externa":null,"local_origem_externa":null,"user":3,"anexadas":[],"autores":[74]}