{"id":3295,"__str__":"Requerimento n\u00ba 111 de 2025","link_detail_backend":"/materia/3295","metadata":{"signs":{"texto_original":{"admin":[],"autores":[["Agnielde Benici Adorno",["2025-03-11T08:31:23-04:00","ICP-Brasil - Certificado PF A1"]],["Alessandra Varelo de Brito",["2025-03-11T08:35:29-04:00","ICP-Brasil - Certificado PF A1"]],["Braz Carlos Correia",["2025-03-11T08:27:22-04:00","ICP-Brasil - Certificado PF A1"]],["Eber Lopes Reis",["2025-03-11T08:06:23-04:00","ICP-Brasil - Certificado PF A1"]],["Elias Andrade de Lima",["2025-03-11T08:22:40-04:00","ICP-Brasil - Certificado PF A1"]],["Geferson dos Santos",["2025-03-11T08:40:02-04:00","ICP-Brasil - Certificado PF A1"]],["Hermes Bordignon",["2025-03-11T08:19:38-04:00","ICP-Brasil - Certificado PF A1"]],["Jorge Antonio Honorato de Souza",["2025-03-11T08:13:45-04:00","ICP-Brasil - Certificado PF A1"]],["Marcio Domingos dos Santos",["2025-03-10T13:12:12-04:00","ICP-Brasil - Certificado PF A1"]],["Marcio Souza Magalhaes",["2025-03-11T08:04:11-04:00","ICP-Brasil - Certificado PF A1"]],["Ozias Alves dos Santos",["2025-03-11T08:08:12-04:00","ICP-Brasil - Certificado PF A1"]]]}}},"numero":111,"ano":2025,"numero_protocolo":93,"data_apresentacao":"2025-03-07","tipo_apresentacao":"E","data_publicacao":null,"numero_origem_externa":"","ano_origem_externa":null,"data_origem_externa":null,"apelido":"","dias_prazo":null,"data_fim_prazo":null,"em_tramitacao":false,"polemica":false,"objeto":"","complementar":false,"ementa":"Requer: : Solicita\u00e7\u00e3o de Retorno dos Atendimentos nas UBS Rurais.","indexacao":"","observacao":"Justifico, por meio deste, solicitar a retomada dos atendimentos m\u00e9dicos nas Unidades B\u00e1sicas de Sa\u00fade das comunidades rurais da Linha 4 (Santa Luzia) e Linha 6 (S\u00e3o Pedro). A suspens\u00e3o desses servi\u00e7os tem impactado significativamente a popula\u00e7\u00e3o local, dificultando o acesso \u00e0 sa\u00fade b\u00e1sica.\r\nDiante da necessidade urgente dos moradores, pedimos que sejam tomadas as provid\u00eancias cab\u00edveis para restabelecer os atendimentos o mais breve poss\u00edvel.\r\nCerto de sua aten\u00e7\u00e3o, aguardamos um retorno favor\u00e1vel.","resultado":"","texto_original":"http://sapl.saofranciscodoguapore.ro.leg.br/media/sapl/public/materialegislativa/2025/3295/requerimento_no.111-2025-marcio_assinado.pdf","data_ultima_atualizacao":"2025-03-11T10:26:05.188234-03:00","ip":"131.161.209.8","ultima_edicao":"2025-03-11T10:26:03.136528-03:00","tipo":14,"regime_tramitacao":3,"tipo_origem_externa":null,"local_origem_externa":null,"user":2,"anexadas":[],"autores":[71]}