{"id":3290,"__str__":"Requerimento n\u00ba 107 de 2025","link_detail_backend":"/materia/3290","metadata":{"signs":{"texto_original":{"admin":[],"autores":[["Agnielde Benici Adorno",["2025-03-11T08:30:13-04:00","ICP-Brasil - Certificado PF A1"]],["Alessandra Varelo de Brito",["2025-03-11T08:34:12-04:00","ICP-Brasil - Certificado PF A1"]],["Braz Carlos Correia",["2025-03-11T08:26:19-04:00","ICP-Brasil - Certificado PF A1"]],["Eber Lopes Reis",["2025-03-11T08:06:02-04:00","ICP-Brasil - Certificado PF A1"]],["Elias Andrade de Lima",["2025-03-11T08:21:44-04:00","ICP-Brasil - Certificado PF A1"]],["Geferson dos Santos",["2025-03-11T08:38:38-04:00","ICP-Brasil - Certificado PF A1"]],["Hermes Bordignon",["2025-03-11T08:18:49-04:00","ICP-Brasil - Certificado PF A1"]],["Jorge Antonio Honorato de Souza",["2025-03-11T08:13:04-04:00","ICP-Brasil - Certificado PF A1"]],["Marcio Domingos dos Santos",["2025-03-10T13:08:14-04:00","ICP-Brasil - Certificado PF A1"]],["Marcio Souza Magalhaes",["2025-03-11T08:03:55-04:00","ICP-Brasil - Certificado PF A1"]],["Ozias Alves dos Santos",["2025-03-11T08:07:43-04:00","ICP-Brasil - Certificado PF A1"]]]}}},"numero":107,"ano":2025,"numero_protocolo":87,"data_apresentacao":"2025-03-07","tipo_apresentacao":"E","data_publicacao":null,"numero_origem_externa":"","ano_origem_externa":null,"data_origem_externa":null,"apelido":"","dias_prazo":null,"data_fim_prazo":null,"em_tramitacao":false,"polemica":false,"objeto":"","complementar":false,"ementa":"Que seja feita com urg\u00eancia a manuten\u00e7\u00e3o da Rua Campo Sales da Rua Jo\u00e3o Gular at\u00e9 a Rua Macap\u00e1","indexacao":"","observacao":"Se faz necess\u00e1rio pois em temporadas de chuvas fortes costumam trazer muitos problemas, as enxurradas fizeram valetas nestas ruas dificultando a transi\u00e7\u00e3o dos moradores.","resultado":"","texto_original":"http://sapl.saofranciscodoguapore.ro.leg.br/media/sapl/public/materialegislativa/2025/3290/requerimento_no.107-2025-marcio_assinado.pdf","data_ultima_atualizacao":"2025-03-11T10:23:01.506973-03:00","ip":"131.161.209.8","ultima_edicao":"2025-03-11T10:23:00.238612-03:00","tipo":14,"regime_tramitacao":3,"tipo_origem_externa":null,"local_origem_externa":null,"user":2,"anexadas":[],"autores":[63]}