{"id":3288,"__str__":"Requerimento n\u00ba 105 de 2025","link_detail_backend":"/materia/3288","metadata":{"signs":{"texto_original":{"admin":[],"autores":[["Agnielde Benici Adorno",["2025-03-10T13:06:32-04:00","ICP-Brasil - Certificado PF A1"]],["Alessandra Varelo de Brito",["2025-03-11T08:33:35-04:00","ICP-Brasil - Certificado PF A1"]],["Braz Carlos Correia",["2025-03-11T08:25:49-04:00","ICP-Brasil - Certificado PF A1"]],["Eber Lopes Reis",["2025-03-11T08:05:53-04:00","ICP-Brasil - Certificado PF A1"]],["Elias Andrade de Lima",["2025-03-11T08:21:18-04:00","ICP-Brasil - Certificado PF A1"]],["Geferson dos Santos",["2025-03-11T08:37:58-04:00","ICP-Brasil - Certificado PF A1"]],["Hermes Bordignon",["2025-03-11T08:18:27-04:00","ICP-Brasil - Certificado PF A1"]],["Jorge Antonio Honorato de Souza",["2025-03-11T08:12:45-04:00","ICP-Brasil - Certificado PF A1"]],["Marcio Domingos dos Santos",["2025-03-11T08:10:00-04:00","ICP-Brasil - Certificado PF A1"]],["Marcio Souza Magalhaes",["2025-03-11T08:03:48-04:00","ICP-Brasil - Certificado PF A1"]],["Ozias Alves dos Santos",["2025-03-11T08:07:31-04:00","ICP-Brasil - Certificado PF A1"]]]}}},"numero":105,"ano":2025,"numero_protocolo":88,"data_apresentacao":"2025-03-07","tipo_apresentacao":"O","data_publicacao":null,"numero_origem_externa":"","ano_origem_externa":null,"data_origem_externa":null,"apelido":"","dias_prazo":null,"data_fim_prazo":null,"em_tramitacao":false,"polemica":false,"objeto":"","complementar":false,"ementa":"Requer seja realizado um estudo de corre\u00e7\u00e3o de di\u00e1rias de campo, para servidores dos \u00d3rg\u00e3os Municipais","indexacao":"","observacao":"Observei a necessidade de ser feita essa corre\u00e7\u00e3o para os servidores os quais se deslocarem da sede da administra\u00e7\u00e3o ou da sua respectiva secretaria em exerc\u00edcio, do seu cargo ou fun\u00e7\u00e3o para outro setor, seja realizado um estudo t\u00e9cnico, para que possamos adequar essa corre\u00e7\u00e3o dos servidores para o campo para desenvolver suas atividades as quais foram designadas. Por esse motivo que essa corre\u00e7\u00e3o das di\u00e1rias de deslocamento ao campo seria at\u00e9 que seja implantada a produtividade.  Por esse motivo pe\u00e7o apoio dos nobres colegas.","resultado":"","texto_original":"http://sapl.saofranciscodoguapore.ro.leg.br/media/sapl/public/materialegislativa/2025/3288/requerimento_no.105-2025-agnielde_assinado.pdf","data_ultima_atualizacao":"2025-03-11T10:22:35.658834-03:00","ip":"131.161.209.8","ultima_edicao":"2025-03-11T10:22:34.157264-03:00","tipo":14,"regime_tramitacao":3,"tipo_origem_externa":null,"local_origem_externa":null,"user":2,"anexadas":[],"autores":[70]}