{"id":3286,"__str__":"Requerimento n\u00ba 103 de 2025","link_detail_backend":"/materia/3286","metadata":{"signs":{"texto_original":{"admin":[],"autores":[["Agnielde Benici Adorno",["2025-03-11T08:29:06-04:00","ICP-Brasil - Certificado PF A1"]],["Alessandra Varelo de Brito",["2025-03-11T08:32:58-04:00","ICP-Brasil - Certificado PF A1"]],["Braz Carlos Correia",["2025-03-11T08:25:19-04:00","ICP-Brasil - Certificado PF A1"]],["Eber Lopes Reis",["2025-03-11T08:05:43-04:00","ICP-Brasil - Certificado PF A1"]],["Elias Andrade de Lima",["2025-03-11T08:20:52-04:00","ICP-Brasil - Certificado PF A1"]],["Geferson dos Santos",["2025-03-11T08:37:17-04:00","ICP-Brasil - Certificado PF A1"]],["Hermes Bordignon",["2025-03-11T08:18:04-04:00","ICP-Brasil - Certificado PF A1"]],["Jorge Antonio Honorato de Souza",["2025-03-11T08:12:25-04:00","ICP-Brasil - Certificado PF A1"]],["Marcio Domingos dos Santos",["2025-03-11T08:09:43-04:00","ICP-Brasil - Certificado PF A1"]],["Marcio Souza Magalhaes",["2025-03-10T13:02:44-04:00","ICP-Brasil - Certificado PF A1"]],["Ozias Alves dos Santos",["2025-03-11T08:07:18-04:00","ICP-Brasil - Certificado PF A1"]]]}}},"numero":103,"ano":2025,"numero_protocolo":85,"data_apresentacao":"2025-03-07","tipo_apresentacao":"E","data_publicacao":null,"numero_origem_externa":"","ano_origem_externa":null,"data_origem_externa":null,"apelido":"","dias_prazo":null,"data_fim_prazo":null,"em_tramitacao":false,"polemica":false,"objeto":"","complementar":false,"ementa":"Que seja feita a troca dos postes de ilumina\u00e7\u00e3o da avenida Tancredo neves, e que as l\u00e2mpadas que est\u00e3o queimadas sejam substituidas.","indexacao":"","observacao":"A Avenida Tancredo Neves por ser uma via de grande circula\u00e7\u00e3o e import\u00e2ncia na cidade, exige uma infraestrutura de ilumina\u00e7\u00e3o p\u00fablica que proporcione seguran\u00e7a e conforto para seus usu\u00e1rios No entanto, a atual situa\u00e7\u00e3o da ilumina\u00e7\u00e3o, com postes deteriorados e l\u00e2mpadas queimadas. compromete a visibilidade e aumenta os riscos de acidentes.","resultado":"","texto_original":"http://sapl.saofranciscodoguapore.ro.leg.br/media/sapl/public/materialegislativa/2025/3286/requerimento_no.103-2025-prof_marcio_assinado.pdf","data_ultima_atualizacao":"2025-03-11T10:21:47.748282-03:00","ip":"131.161.209.8","ultima_edicao":"2025-03-11T10:21:46.524346-03:00","tipo":14,"regime_tramitacao":3,"tipo_origem_externa":null,"local_origem_externa":null,"user":2,"anexadas":[],"autores":[73]}