{"id":3281,"__str__":"Requerimento n\u00ba 102 de 2025","link_detail_backend":"/materia/3281","metadata":{"signs":{"texto_original":{"admin":[],"autores":[["Agnielde Benici Adorno",["2025-03-07T10:02:39-04:00","ICP-Brasil - Certificado PF A1"]],["Alessandra Varelo de Brito",["2025-03-07T09:55:20-04:00","ICP-Brasil - Certificado PF A1"]],["Eber Lopes Reis",["2025-03-07T09:35:13-04:00","ICP-Brasil - Certificado PF A1"]],["Elias Andrade de Lima",["2025-03-07T10:14:38-04:00","ICP-Brasil - Certificado PF A1"]],["Geferson dos Santos",["2025-03-07T09:50:58-04:00","ICP-Brasil - Certificado PF A1"]],["Jorge Antonio Honorato de Souza",["2025-03-07T10:37:50-04:00","ICP-Brasil - Certificado PF A1"]],["Marcio Domingos dos Santos",["2025-03-07T10:50:25-04:00","ICP-Brasil - Certificado PF A1"]],["Marcio Souza Magalhaes",["2025-03-07T11:18:51-04:00","ICP-Brasil - Certificado PF A1"]],["Ozias Alves dos Santos",["2025-03-07T10:57:31-04:00","ICP-Brasil - Certificado PF A1"]]]}}},"numero":102,"ano":2025,"numero_protocolo":83,"data_apresentacao":"2025-02-28","tipo_apresentacao":"E","data_publicacao":null,"numero_origem_externa":"","ano_origem_externa":null,"data_origem_externa":null,"apelido":"","dias_prazo":null,"data_fim_prazo":null,"em_tramitacao":false,"polemica":false,"objeto":"","complementar":false,"ementa":"Solicito que o \u00f4nibus escolar v\u00e1 at\u00e9 a Vila Guapor\u00e9.","indexacao":"","observacao":"Se faz necess\u00e1rio o uma vez que os pais j\u00e1 fizeram essa solicita\u00e7\u00e3o, e n\u00e3o foram atendidos, e vem gerando transtornos e falta para o curr\u00edculo dos alunos.","resultado":"","texto_original":"http://sapl.saofranciscodoguapore.ro.leg.br/media/sapl/public/materialegislativa/2025/3281/requerimento_no.102-2025-eber_assinado.pdf","data_ultima_atualizacao":"2025-03-07T13:18:57.597439-03:00","ip":"131.161.209.8","ultima_edicao":"2025-03-07T13:18:56.665029-03:00","tipo":14,"regime_tramitacao":3,"tipo_origem_externa":null,"local_origem_externa":null,"user":24,"anexadas":[],"autores":[63]}