{"id":3277,"__str__":"Requerimento n\u00ba 98 de 2025","link_detail_backend":"/materia/3277","metadata":{"signs":{"texto_original":{"admin":[],"autores":[["Agnielde Benici Adorno",["2025-03-07T10:02:09-04:00","ICP-Brasil - Certificado PF A1"]],["Alessandra Varelo de Brito",["2025-03-07T09:54:57-04:00","ICP-Brasil - Certificado PF A1"]],["Eber Lopes Reis",["2025-03-07T11:08:47-04:00","ICP-Brasil - Certificado PF A1"]],["Elias Andrade de Lima",["2025-03-07T10:14:01-04:00","ICP-Brasil - Certificado PF A1"]],["Geferson dos Santos",["2025-03-07T09:50:43-04:00","ICP-Brasil - Certificado PF A1"]],["Jorge Antonio Honorato de Souza",["2025-03-07T10:37:07-04:00","ICP-Brasil - Certificado PF A1"]],["Marcio Domingos dos Santos",["2025-03-07T09:45:54-04:00","ICP-Brasil - Certificado PF A1"]],["Marcio Souza Magalhaes",["2025-03-07T11:17:38-04:00","ICP-Brasil - Certificado PF A1"]],["Ozias Alves dos Santos",["2025-03-07T10:56:34-04:00","ICP-Brasil - Certificado PF A1"]]]}}},"numero":98,"ano":2025,"numero_protocolo":79,"data_apresentacao":"2025-02-28","tipo_apresentacao":"E","data_publicacao":null,"numero_origem_externa":"","ano_origem_externa":null,"data_origem_externa":null,"apelido":"","dias_prazo":null,"data_fim_prazo":null,"em_tramitacao":false,"polemica":false,"objeto":"","complementar":false,"ementa":"Requer: disponibiliza\u00e7\u00e3o de internet gratuita via sat\u00e9lite Star link nos \u00f4nibus utilizados para o transporte de pacientes at\u00e9 Porto Velho, bem como nos ve\u00edculos da Secretaria de Sa\u00fade e da Secretaria de Agricultura.","indexacao":"","observacao":"Justifico Essa medida proporcionar\u00e1 maior conectividade para os passageiros durante as viagens, permitindo acesso a informa\u00e7\u00f5es e contato com familiares, al\u00e9m de contribuir para a efici\u00eancia dos servi\u00e7os prestados pelas secretarias municipais.\r\nAguardamos a an\u00e1lise e deferimento desta solicita\u00e7\u00e3o.","resultado":"","texto_original":"http://sapl.saofranciscodoguapore.ro.leg.br/media/sapl/public/materialegislativa/2025/3277/requerimento_no.098-2025-marcio_assinado.pdf","data_ultima_atualizacao":"2025-03-07T13:13:53.529709-03:00","ip":"131.161.209.8","ultima_edicao":"2025-03-07T13:13:52.555014-03:00","tipo":14,"regime_tramitacao":4,"tipo_origem_externa":null,"local_origem_externa":null,"user":24,"anexadas":[],"autores":[71]}