{"id":3275,"__str__":"Requerimento n\u00ba 96 de 2025","link_detail_backend":"/materia/3275","metadata":{"signs":{"texto_original":{"admin":[],"autores":[["Agnielde Benici Adorno",["2025-03-07T10:01:56-04:00","ICP-Brasil - Certificado PF A1"]],["Alessandra Varelo de Brito",["2025-03-07T09:54:47-04:00","ICP-Brasil - Certificado PF A1"]],["Eber Lopes Reis",["2025-03-07T11:08:17-04:00","ICP-Brasil - Certificado PF A1"]],["Elias Andrade de Lima",["2025-03-07T10:13:44-04:00","ICP-Brasil - Certificado PF A1"]],["Geferson dos Santos",["2025-03-07T09:42:36-04:00","ICP-Brasil - Certificado PF A1"]],["Jorge Antonio Honorato de Souza",["2025-03-07T10:36:46-04:00","ICP-Brasil - Certificado PF A1"]],["Marcio Domingos dos Santos",["2025-03-07T10:49:10-04:00","ICP-Brasil - Certificado PF A1"]],["Marcio Souza Magalhaes",["2025-03-07T11:17:04-04:00","ICP-Brasil - Certificado PF A1"]],["Ozias Alves dos Santos",["2025-03-07T10:56:07-04:00","ICP-Brasil - Certificado PF A1"]]]}}},"numero":96,"ano":2025,"numero_protocolo":77,"data_apresentacao":"2025-02-28","tipo_apresentacao":"E","data_publicacao":null,"numero_origem_externa":"","ano_origem_externa":null,"data_origem_externa":null,"apelido":"","dias_prazo":null,"data_fim_prazo":null,"em_tramitacao":false,"polemica":false,"objeto":"","complementar":false,"ementa":"Requer junto a Secretaria Municipal de Infraestrutura e Servi\u00e7os P\u00fablicos, que fa\u00e7a rampas de acesso nas cal\u00e7adas de nossa cidade, para dar acessibilidade urbana aos cadeirantes e deficientes visual.","indexacao":"","observacao":"Observei a necessidade de trazer acessibilidade urbana para os cadeirantes e deficiente visual, pois acompanhei um amigo nosso em dificuldade de se locomover no centro de nossa cidade, ent\u00e3o, vejo com carinho a necessidade de adaptarmos nossas cal\u00e7adas, com rampas de acesso e se poss\u00edvel, piso t\u00e1til, que \u00e9 um revestimento especial com texturas que orientam o caminho (piso t\u00e1til direcional) ou alertam sobre obst\u00e1culos e mudan\u00e7as (piso t\u00e1til de alerta) para os nossos deficientes visual.","resultado":"","texto_original":"http://sapl.saofranciscodoguapore.ro.leg.br/media/sapl/public/materialegislativa/2025/3275/requerimento_no.096-2025-geferson_assinado.pdf","data_ultima_atualizacao":"2025-03-07T13:10:52.995307-03:00","ip":"131.161.209.8","ultima_edicao":"2025-03-07T13:10:52.072305-03:00","tipo":14,"regime_tramitacao":3,"tipo_origem_externa":null,"local_origem_externa":null,"user":24,"anexadas":[],"autores":[1]}