{"id":3273,"__str__":"Requerimento n\u00ba 94 de 2025","link_detail_backend":"/materia/3273","metadata":{"signs":{"texto_original":{"admin":[],"autores":[["Agnielde Benici Adorno",["2025-03-07T10:01:43-04:00","ICP-Brasil - Certificado PF A1"]],["Alessandra Varelo de Brito",["2025-03-07T09:54:37-04:00","ICP-Brasil - Certificado PF A1"]],["Eber Lopes Reis",["2025-03-07T11:07:46-04:00","ICP-Brasil - Certificado PF A1"]],["Elias Andrade de Lima",["2025-03-07T10:13:27-04:00","ICP-Brasil - Certificado PF A1"]],["Geferson dos Santos",["2025-03-07T09:42:32-04:00","ICP-Brasil - Certificado PF A1"]],["Jorge Antonio Honorato de Souza",["2025-03-07T10:36:26-04:00","ICP-Brasil - Certificado PF A1"]],["Marcio Domingos dos Santos",["2025-03-07T10:48:47-04:00","ICP-Brasil - Certificado PF A1"]],["Marcio Souza Magalhaes",["2025-03-07T11:16:29-04:00","ICP-Brasil - Certificado PF A1"]],["Ozias Alves dos Santos",["2025-03-07T10:55:40-04:00","ICP-Brasil - Certificado PF A1"]]]}}},"numero":94,"ano":2025,"numero_protocolo":75,"data_apresentacao":"2025-02-28","tipo_apresentacao":"E","data_publicacao":null,"numero_origem_externa":"","ano_origem_externa":null,"data_origem_externa":null,"apelido":"","dias_prazo":null,"data_fim_prazo":null,"em_tramitacao":false,"polemica":false,"objeto":"","complementar":false,"ementa":"Requer junto a Secretaria Municipal de Sa\u00fade, que fa\u00e7a a contrata\u00e7\u00e3o do servi\u00e7o de cirurgias de h\u00e9rnia pedi\u00e1trica.","indexacao":"","observacao":"Temos muitas crian\u00e7as aguardando a oportunidade de fazerem a cirurgia de h\u00e9rnias pedi\u00e1tricas, por isso pe\u00e7o que o munic\u00edpio provid\u00eancia a contrata\u00e7\u00e3o do servi\u00e7o para atender todos os pacientes infantil que est\u00e3o aguardando.    \r\n\r\nH\u00e9rnias pedi\u00e1tricas, como a h\u00e9rnia inguinal ou umbilical, ocorrem quando h\u00e1 uma falha no fechamento natural de estruturas durante o desenvolvimento fetal (como o canal inguinal ou o umbilical). Nessas situa\u00e7\u00f5es, \u00f3rg\u00e3os como o intestino podem se projetar atrav\u00e9s dessa abertura, criando um abalamento vis\u00edvel.","resultado":"","texto_original":"http://sapl.saofranciscodoguapore.ro.leg.br/media/sapl/public/materialegislativa/2025/3273/requerimento_no.094-2025-geferson_assinado.pdf","data_ultima_atualizacao":"2025-03-07T13:07:36.463164-03:00","ip":"131.161.209.8","ultima_edicao":"2025-03-07T13:07:35.498928-03:00","tipo":14,"regime_tramitacao":3,"tipo_origem_externa":null,"local_origem_externa":null,"user":24,"anexadas":[],"autores":[1]}