{"id":3270,"__str__":"Requerimento n\u00ba 91 de 2025","link_detail_backend":"/materia/3270","metadata":{"signs":{"texto_original":{"admin":[],"autores":[["Agnielde Benici Adorno",["2025-03-07T09:43:49-04:00","ICP-Brasil - Certificado PF A1"]],["Alessandra Varelo de Brito",["2025-03-07T09:54:23-04:00","ICP-Brasil - Certificado PF A1"]],["Eber Lopes Reis",["2025-03-07T11:07:00-04:00","ICP-Brasil - Certificado PF A1"]],["Elias Andrade de Lima",["2025-03-07T10:13:03-04:00","ICP-Brasil - Certificado PF A1"]],["Geferson dos Santos",["2025-03-07T09:50:21-04:00","ICP-Brasil - Certificado PF A1"]],["Jorge Antonio Honorato de Souza",["2025-03-07T10:35:56-04:00","ICP-Brasil - Certificado PF A1"]],["Marcio Domingos dos Santos",["2025-03-07T10:48:11-04:00","ICP-Brasil - Certificado PF A1"]],["Marcio Souza Magalhaes",["2025-03-07T11:15:36-04:00","ICP-Brasil - Certificado PF A1"]],["Ozias Alves dos Santos",["2025-03-07T10:55:00-04:00","ICP-Brasil - Certificado PF A1"]]]}}},"numero":91,"ano":2025,"numero_protocolo":72,"data_apresentacao":"2025-02-28","tipo_apresentacao":"E","data_publicacao":null,"numero_origem_externa":"","ano_origem_externa":null,"data_origem_externa":null,"apelido":"","dias_prazo":null,"data_fim_prazo":null,"em_tramitacao":false,"polemica":false,"objeto":"","complementar":false,"ementa":"Manuten\u00e7\u00e3o das L\u00e2mpadas da BR, sendo v\u00e1rias l\u00e2mpadas queimadas ao longo da BR","indexacao":"","observacao":"Devido \u00e0s l\u00e2mpadas estarem queimadas, muitas pessoas fazem caminhada na BR no per\u00edodo noturno, com a manuten\u00e7\u00e3o realizada, facilitando a visibilidade e dando maior seguran\u00e7a para aqueles que fazem a sua caminhada. Assim, solicito apoio dos nobres colegas.","resultado":"","texto_original":"http://sapl.saofranciscodoguapore.ro.leg.br/media/sapl/public/materialegislativa/2025/3270/requerimento_no.091-2025-agnielde_assinado.pdf","data_ultima_atualizacao":"2025-03-07T12:47:06.039899-03:00","ip":"131.161.209.8","ultima_edicao":"2025-03-07T12:47:05.008398-03:00","tipo":14,"regime_tramitacao":3,"tipo_origem_externa":null,"local_origem_externa":null,"user":24,"anexadas":[],"autores":[70]}