{"id":3267,"__str__":"Requerimento n\u00ba 88 de 2025","link_detail_backend":"/materia/3267","metadata":{"signs":{"texto_original":{"admin":[],"autores":[["Agnielde Benici Adorno",["2025-03-07T10:01:05-04:00","ICP-Brasil - Certificado PF A1"]],["Alessandra Varelo de Brito",["2025-03-07T09:54:08-04:00","ICP-Brasil - Certificado PF A1"]],["Eber Lopes Reis",["2025-03-07T11:06:15-04:00","ICP-Brasil - Certificado PF A1"]],["Elias Andrade de Lima",["2025-03-07T10:12:38-04:00","ICP-Brasil - Certificado PF A1"]],["Geferson dos Santos",["2025-03-07T09:50:11-04:00","ICP-Brasil - Certificado PF A1"]],["Jorge Antonio Honorato de Souza",["2025-03-07T10:35:26-04:00","ICP-Brasil - Certificado PF A1"]],["Marcio Domingos dos Santos",["2025-03-07T09:45:46-04:00","ICP-Brasil - Certificado PF A1"]],["Marcio Souza Magalhaes",["2025-03-07T11:14:44-04:00","ICP-Brasil - Certificado PF A1"]],["Ozias Alves dos Santos",["2025-03-07T10:54:20-04:00","ICP-Brasil - Certificado PF A1"]]]}}},"numero":88,"ano":2025,"numero_protocolo":69,"data_apresentacao":"2025-02-28","tipo_apresentacao":"E","data_publicacao":null,"numero_origem_externa":"","ano_origem_externa":null,"data_origem_externa":null,"apelido":"","dias_prazo":null,"data_fim_prazo":null,"em_tramitacao":false,"polemica":false,"objeto":"","complementar":false,"ementa":"Requer: Solicita\u00e7\u00e3o de Substitui\u00e7\u00e3o da Grama Sint\u00e9tica do Parquinho da Escola Municipal Senador Ronaldo Arag\u00e3o.","indexacao":"","observacao":"Justifico: por meio deste, solicitar a substitui\u00e7\u00e3o da grama sint\u00e9tica do parquinho da Escola Municipal Senador Ronaldo Arag\u00e3o, uma vez que a atual condi\u00e7\u00e3o do material tem impossibilitado que as crian\u00e7as realizem atividades e brinquem no local de forma segura e adequada.\r\nDiante disso, pedimos a aten\u00e7\u00e3o e provid\u00eancias da administra\u00e7\u00e3o para garantir um espa\u00e7o apropriado para o lazer e desenvolvimento das crian\u00e7as.\r\nDesde j\u00e1, agrade\u00e7o sua aten\u00e7\u00e3o e aguardo um retorno sobre essa demanda.","resultado":"","texto_original":"http://sapl.saofranciscodoguapore.ro.leg.br/media/sapl/public/materialegislativa/2025/3267/requerimento_no.088-2025-marcio_assinado.pdf","data_ultima_atualizacao":"2025-03-07T12:42:20.687683-03:00","ip":"131.161.209.8","ultima_edicao":"2025-03-07T12:42:19.676753-03:00","tipo":14,"regime_tramitacao":4,"tipo_origem_externa":null,"local_origem_externa":null,"user":24,"anexadas":[],"autores":[71]}